{"id":1590,"date":"2020-04-03T17:54:18","date_gmt":"2020-04-03T15:54:18","guid":{"rendered":"https:\/\/trooboox.de\/wordpress\/?p=1590"},"modified":"2020-04-09T09:31:21","modified_gmt":"2020-04-09T07:31:21","slug":"trubuks-slow-lane-im-april-no-walk-in-the-park-paperbook-vs-digital-kalte-gerichte-waermen-die-seele","status":"publish","type":"post","link":"https:\/\/trooboox.de\/wordpress\/trubuks-slow-lane-im-april-no-walk-in-the-park-paperbook-vs-digital-kalte-gerichte-waermen-die-seele\/","title":{"rendered":"[tru:buks] slow lane im April: No walk in the park | Paperbook vs. digital | kalte Gerichte w\u00e4rmen die Seele."},"content":{"rendered":"\n<p><\/p>\n\n\n\n<p><\/p>\n\n\n\n<p><strong>von Kurt Pohl |<\/strong> <\/p>\n\n\n\n<p><strong>A walk in the park<\/strong>:<\/p>\n\n\n\n<p>Mein Joggingareal \u201eAugarten\u201c ist im Rahmen der Sonderma\u00dfnahmen gesperrt, obwohl Gro\u00dfgr\u00fcn in der Stadt ein knappes Gut ist. Andere Parks sind ge\u00f6ffnet. Es ist schon wieder Wahlkampf in Wien: Bundesg\u00e4rten (\u00d6VP) bleiben geschlossen, st\u00e4dtische Parks (SP\u00d6) wie der Prater bleiben zug\u00e4nglich. Die jeweils mitregierenden Gr\u00fcnen zogen diesbez\u00fcglich bisher die K\u00f6pfe ein. Mein Augarten um die Ecke geh\u00f6rt leider dem Bund. Nat\u00fcrlich sind Parks eine Grauzone beim Durchhalten der strikten Ma\u00dfnahmen. Aber wie in Berlin und M\u00fcnchen \u2013 ein bisserl Anarchie darf auch in diesen Zeiten sein. Nach Ostern wird wohl endlich ge\u00f6ffnet.<\/p>\n\n\n\n<p><strong>Reality check f\u00fcr B\u00fccher: Print\nvs. digital<\/strong><\/p>\n\n\n\n<p>Die B\u00fccher f\u00fcr meine beiden n\u00e4chsten posts liegen hier. Eines physisch als gedrucktes Buch, das andere im Buchordner meines iPads. Auf beide B\u00fccher bin ich gespannt, die posts werden bis Ostern entstehen. Und doch nehme ich sie sehr unterschiedlich wahr. Kleiner reality check f\u00fcr Print vs. digital. Das gedruckte Exemplar \u2013 einen Comicband &#8211; finde ich sorgf\u00e4ltig verpackt im Briefkasten. Ich freue mich. Meine Adresse ist \u201eakkurat\u201c (wiedergefundenes Wort) aufgebracht. Nach dem \u00d6ffnen des Versandkuverts bl\u00e4ttere ich zwei-, dreimal das Buch durch, bleibe hier und da kurz h\u00e4ngen, denke, das wird nicht leicht, lege das Buch zur Seite. Es liegt auch noch ein kleiner Folder bei. F\u00fcr das online-Buch \u2013 ein Fotobuch &#8211; bekam ich sehr freundlich einen we-transfer-link. Ich lade es herunter und lege es in meinem Ordner \u201eB\u00fccher\u201c ab. Tun, was man tun muss. Eher n\u00fcchtern.<\/p>\n\n\n\n<div class=\"wp-block-image\"><figure class=\"aligncenter size-large is-resized\"><img loading=\"lazy\" decoding=\"async\" src=\"https:\/\/trooboox.de\/wordpress\/wp-content\/uploads\/2020\/04\/print-vs.-1024x575.jpg\" alt=\"\" class=\"wp-image-1595\" width=\"606\" height=\"339\" srcset=\"https:\/\/trooboox.de\/wordpress\/wp-content\/uploads\/2020\/04\/print-vs.-1024x575.jpg 1024w, https:\/\/trooboox.de\/wordpress\/wp-content\/uploads\/2020\/04\/print-vs.-300x169.jpg 300w, https:\/\/trooboox.de\/wordpress\/wp-content\/uploads\/2020\/04\/print-vs.-1536x863.jpg 1536w\" sizes=\"auto, (max-width: 606px) 100vw, 606px\" \/><figcaption>Links gedruckter comic, rechts digitales Fotobuch (1. Seite der Datei)<\/figcaption><\/figure><\/div>\n\n\n\n<p>Das Comicbuch liegt in Reichweite des Wohnzimmersofas, ich beachte es oft im Vorbeigehen. Abends, w\u00e4hrend der vielen Sondersendungen, nehme ich es immer wieder zur Hand, entdecke Stellen f\u00fcr einen thematischen Einstieg, freunde mich langsam mit ihm an, die Beine ausgestreckt. Am n\u00e4chsten Tag wische ich mich an meinem Schreibtisch durch das Fotobuch. Wirklich sehr viele entlarvend am\u00fcsante Fotos einer Deutschlandreise, die Aufl\u00f6sung ist leider etwas mau, die sehr treffenden Bildunterschriften kann ich bei der verkleinerten Doppelseiten-Darstellung kaum entziffern. Ich leg mir das morgen auf den gro\u00dfen Bildschirm.<\/p>\n\n\n\n<p>Zur Erholung greife ich wieder zum gedruckten Comic \u201eHappy Palace\u201c, bl\u00e4ttere, suche mir eine geeignete Stelle und fange an. Das Fotobuch \u201eHeiter bis wolkig\u201c hole ich mir sp\u00e4ter auf den Schirm. Wischen ist Macht.<\/p>\n\n\n\n<p>Ich freue mich auf beide B\u00fccher!<\/p>\n\n\n\n<p><strong>Mediterranes Essen hilft immer: <em>Entlang der K\u00fcste<\/em><\/strong><\/p>\n\n\n\n<p>Auch kalte Gerichte w\u00e4rmen die Seele. Ein wunderbares Koch- und Reisebuch f\u00fchrt uns in die Regionen um Barcelona, Marseille und Genua. Pasta- und Risottogerichte, Fischsuppen und Nachspeisen sind sich am westlichen Mittelmeer sehr \u00e4hnlich und doch bestechen die regionalen Feinheiten und Unterschiede. Lecker <em><a href=\"https:\/\/trooboox.de\/wordpress\/__trashed\/\" target=\"_blank\" rel=\"noreferrer noopener\" aria-label=\"Entlang der K\u00fcste (\u00f6ffnet in neuem Tab)\">Entlang der K\u00fcste<\/a><\/em>.<\/p>\n\n\n\n<p><strong>Q | boox bei<\/strong> <strong>booklooker<\/strong><\/p>\n\n\n\n<p>Eigentlich ist hier Platz f\u00fcr Sammlerst\u00fccke aus meinem Bereich <a rel=\"noreferrer noopener\" aria-label=\"Q | boox (\u00f6ffnet in neuem Tab)\" href=\"https:\/\/trooboox.de\/wordpress\/qboox-seltene-einzelstuecke-und-erstausgaben-fuer-buechersammler\/\" target=\"_blank\">Q | boox<\/a> vorgesehen. Das Angebot muss ruhen, denn ich kann leider von Wien aus keine B\u00fccher verschicken. Bitte Geduld, bis dieser schlechte Film vorbei ist. Meine Buchangebote bei <a rel=\"noreferrer noopener\" aria-label=\"booklooker  (\u00f6ffnet in neuem Tab)\" href=\"https:\/\/www.booklooker.de\/trooboox\/\" target=\"_blank\"><em>booklooker<\/em> <\/a>sind trotzdem sichtbar.<\/p>\n\n\n\n<div class=\"wp-block-image\"><figure class=\"aligncenter is-resized\"><img loading=\"lazy\" decoding=\"async\" src=\"https:\/\/trooboox.de\/wordpress\/wp-content\/uploads\/2018\/01\/hacks-dog-2-e1521995622905.jpg\" alt=\"Dieses Bild hat ein leeres Alt-Attribut. Der Dateiname ist hacks-dog-2-e1521995622905.jpg\" width=\"143\" height=\"143\"\/><\/figure><\/div>\n","protected":false},"excerpt":{"rendered":"<p>von Kurt Pohl | A walk in the park: Mein Joggingareal \u201eAugarten\u201c ist im Rahmen der Sonderma\u00dfnahmen gesperrt, obwohl Gro\u00dfgr\u00fcn in der Stadt&hellip;<\/p>\n","protected":false},"author":2,"featured_media":1594,"comment_status":"open","ping_status":"open","sticky":false,"template":"","format":"standard","meta":{"_monsterinsights_skip_tracking":false,"_monsterinsights_sitenote_active":false,"_monsterinsights_sitenote_note":"","_monsterinsights_sitenote_category":0,"footnotes":""},"categories":[132],"tags":[270,268,271,269,267,31],"class_list":["post-1590","post","type-post","status-publish","format-standard","has-post-thumbnail","hentry","category-post","tag-happy-place","tag-hatje-cantz","tag-heiter-bis-wolkig","tag-max-beitinger","tag-rotopol","tag-startseite"],"_links":{"self":[{"href":"https:\/\/trooboox.de\/wordpress\/wp-json\/wp\/v2\/posts\/1590","targetHints":{"allow":["GET"]}}],"collection":[{"href":"https:\/\/trooboox.de\/wordpress\/wp-json\/wp\/v2\/posts"}],"about":[{"href":"https:\/\/trooboox.de\/wordpress\/wp-json\/wp\/v2\/types\/post"}],"author":[{"embeddable":true,"href":"https:\/\/trooboox.de\/wordpress\/wp-json\/wp\/v2\/users\/2"}],"replies":[{"embeddable":true,"href":"https:\/\/trooboox.de\/wordpress\/wp-json\/wp\/v2\/comments?post=1590"}],"version-history":[{"count":12,"href":"https:\/\/trooboox.de\/wordpress\/wp-json\/wp\/v2\/posts\/1590\/revisions"}],"predecessor-version":[{"id":1608,"href":"https:\/\/trooboox.de\/wordpress\/wp-json\/wp\/v2\/posts\/1590\/revisions\/1608"}],"wp:featuredmedia":[{"embeddable":true,"href":"https:\/\/trooboox.de\/wordpress\/wp-json\/wp\/v2\/media\/1594"}],"wp:attachment":[{"href":"https:\/\/trooboox.de\/wordpress\/wp-json\/wp\/v2\/media?parent=1590"}],"wp:term":[{"taxonomy":"category","embeddable":true,"href":"https:\/\/trooboox.de\/wordpress\/wp-json\/wp\/v2\/categories?post=1590"},{"taxonomy":"post_tag","embeddable":true,"href":"https:\/\/trooboox.de\/wordpress\/wp-json\/wp\/v2\/tags?post=1590"}],"curies":[{"name":"wp","href":"https:\/\/api.w.org\/{rel}","templated":true}]}}