{"id":1835,"date":"2020-10-01T16:55:11","date_gmt":"2020-10-01T14:55:11","guid":{"rendered":"https:\/\/trooboox.de\/wordpress\/?p=1835"},"modified":"2020-10-02T14:16:06","modified_gmt":"2020-10-02T12:16:06","slug":"trubuks-slow-lane-buchmesse-zum-abge-woehnen-endlich-besser-leben-jetzt-mit-welpen-videos-wild-im-wald-ischgl-horror-show-mein-oktober-fundstueck","status":"publish","type":"post","link":"https:\/\/trooboox.de\/wordpress\/trubuks-slow-lane-buchmesse-zum-abge-woehnen-endlich-besser-leben-jetzt-mit-welpen-videos-wild-im-wald-ischgl-horror-show-mein-oktober-fundstueck\/","title":{"rendered":"[tru:buks] slow lane: Buchmesse zum Abgew\u00f6hnen? | Endlich besser leben | Jetzt mit Welpen-Videos? | wild im Wald | Ischgl Horror Show | Mein Oktober-Fundst\u00fcck."},"content":{"rendered":"\n<p><strong>Ein Jahr zum Abgew\u00f6hnen<\/strong> (schreibt Kurt Pohl) |<\/p>\n\n\n\n<p>Ein Jahr ohne Clubbing, Bundesliga, Festivals, Oktoberfest (naja) und jetzt auch ohne Frankfurter Buchmesse. Seit M\u00e4rz \u00fcberall nur schlapper Online-Ersatz: meist fleischlos, distanziert und mit wenig Emotion. Wollen wir uns das alles abgew\u00f6hnen: Anreise nach Frankfurt mit freudigen Erwartungen, Menschen dicht an dicht, Freunde freudig zuf\u00e4llig treffen oder ihnen durch Gangwechsel aus dem Weg gehen, unerwartete B\u00fccher entdecken, noch mehr B\u00fccher \u00fcbersehen, f\u00fcr simple Pasta im Nieselregen anstehen, Hotels in der Perpherie ansteuern und mit einem guten Gef\u00fchl nach Hause fahren?  <\/p>\n\n\n\n<div class=\"wp-block-image\"><figure class=\"aligncenter size-large is-resized\"><img loading=\"lazy\" decoding=\"async\" src=\"https:\/\/trooboox.de\/wordpress\/wp-content\/uploads\/2020\/10\/IMG_5599_1_beschn-1024x547.jpg\" alt=\"\" class=\"wp-image-1873\" width=\"480\" height=\"255\" srcset=\"https:\/\/trooboox.de\/wordpress\/wp-content\/uploads\/2020\/10\/IMG_5599_1_beschn-1024x547.jpg 1024w, https:\/\/trooboox.de\/wordpress\/wp-content\/uploads\/2020\/10\/IMG_5599_1_beschn-300x160.jpg 300w, https:\/\/trooboox.de\/wordpress\/wp-content\/uploads\/2020\/10\/IMG_5599_1_beschn-768x410.jpg 768w, https:\/\/trooboox.de\/wordpress\/wp-content\/uploads\/2020\/10\/IMG_5599_1_beschn-2048x1094.jpg 2048w, https:\/\/trooboox.de\/wordpress\/wp-content\/uploads\/2020\/10\/IMG_5599_1_beschn-1292x690.jpg 1292w\" sizes=\"auto, (max-width: 480px) 100vw, 480px\" \/><figcaption>2019 &#8211; die letzte klassische Buchmesse?<\/figcaption><\/figure><\/div>\n\n\n\n<p>OK, in diesem Jahr legen wir eine Buchmessen-Pause ein, aber im n\u00e4chsten Jahr brauchen wir wieder Leipzig und Frankfurt, wir brauchen die Tuchf\u00fchlung und Best\u00e4tigung von und mit anderen Menschen, Gleichgesinnten, auch mit Gegnern und auch in Massen. Das wollen wir uns nicht abgew\u00f6hnen! Ab 2021 gilt wieder &#8222;Morgen in Frankfurt&#8220; &#8211; erg\u00e4nzt um informative und schnittige 24-7-365-Digitalaktivit\u00e4ten.<\/p>\n\n\n\n<p><strong>Endlich besser leben<\/strong> <strong>&#8211; das Handbuch f\u00fcr eine neue Dekade<\/strong><\/p>\n\n\n\n<figure class=\"wp-block-image size-large\"><img loading=\"lazy\" decoding=\"async\" width=\"1024\" height=\"583\" src=\"https:\/\/trooboox.de\/wordpress\/wp-content\/uploads\/2020\/09\/IMG_7370_beschn-1024x583.jpg\" alt=\"\" class=\"wp-image-1855\" srcset=\"https:\/\/trooboox.de\/wordpress\/wp-content\/uploads\/2020\/09\/IMG_7370_beschn-1024x583.jpg 1024w, https:\/\/trooboox.de\/wordpress\/wp-content\/uploads\/2020\/09\/IMG_7370_beschn-300x171.jpg 300w, https:\/\/trooboox.de\/wordpress\/wp-content\/uploads\/2020\/09\/IMG_7370_beschn-768x438.jpg 768w, https:\/\/trooboox.de\/wordpress\/wp-content\/uploads\/2020\/09\/IMG_7370_beschn-1536x875.jpg 1536w, https:\/\/trooboox.de\/wordpress\/wp-content\/uploads\/2020\/09\/IMG_7370_beschn-2048x1167.jpg 2048w, https:\/\/trooboox.de\/wordpress\/wp-content\/uploads\/2020\/09\/IMG_7370_beschn-1211x690.jpg 1211w\" sizes=\"auto, (max-width: 1024px) 100vw, 1024px\" \/><figcaption>&#8222;Ein Hund macht das Leben menschlicher. . .&#8220; Gelesen, getan.<\/figcaption><\/figure>\n\n\n\n<p>Die britischen Spezialisten f\u00fcr urbanes Leben in Stadt und Land machen nicht nur ihr monatliches Magazin MONOCLE. Jetzt legen sie mit <em>The MONOCLE Book of GENTLE LIVING<\/em> ein Buch f\u00fcr ein harmonisches Leben vor. Ein Handbuch f\u00fcrs Tempo rausnehmen, mehr genie\u00dfen und gl\u00fccklicher Leben. Einer der Ratschl\u00e4ge lautet: nimm dir Zeit f\u00fcr einen Hund, denn er macht das Leben menschlicher. Gelesen, getan. Das Buch zeigt uns wie wir unser Zuhause , wie wir uns sinnvoller und zufriedener bewegen, wie wir uns nachhaltiger kleiden und wie wir uns lecker und nachhaltig ern\u00e4hren &#8211; am besten zusammen mit guten Freunden. Ein eso-freies Sammelsurium bekannter und frischer Ideen f\u00fcr eine zufriedene Dekade. Herausgeber Tyler Brul\u00e9 \u00fcber das Buch: &#8222;Learning to take a breath and move on.&#8220; Post in Arbeit, aber ich muss erst noch am Meer Luft holen und dann mach ich weiter.<\/p>\n\n\n\n<p><strong>Machen Welpen-Videos B\u00fccher-Blogs erfolgreicher?<\/strong><\/p>\n\n\n\n<p>Blogger-Kollege  Tobias Nazemi vom <a rel=\"noreferrer noopener\" aria-label=\"buchrevier (\u00f6ffnet in neuem Tab)\" href=\"https:\/\/buchrevier.com\/\" target=\"_blank\">buchrevier<\/a> beklagt zurecht die mangelnde Wahrnehmung von &#8222;klassischen&#8220; B\u00fccher-Blogs: &#8222;<em>Instagram ist mittlerweile Leitmedium und hat die Weblogs in den Hintergrund gedr\u00e4ngt. . . \u00dcberall die gleichen B\u00fccher, die gleichen Arrangements und meistens auch die gleiche Meinung \u2013 manchmal auch gar keine. . .&#8220; <\/em>Und weiter:<em> &#8222;Mittlerweile hat auch der Buchhandel Social Media entdeckt und flutet mit professionellem Eifer alle Kan\u00e4le mit \u201abuchigem\u2018 Content. . .  Wer liest eigentlich all die Blogrezensionen und B\u00fccherposts auf Insta und Facebook?&#8220;  <\/em><\/p>\n\n\n\n<p>Ich sehe es so &#8211; die Bloggerszene liest vor allem sich selber. Mach ich kaum, bin auch nur mit wenigen anderen Bloggern verlinkt (was mir ein schlechtes ranking beschert). Obwohl Tobias deutlich erfolgreicher ist als ich, kann ich ihn gut verstehen. &#8222;Wenn kein Schwein guckt&#8220;. . . warum machen wir es dann? Kaum Leser, praktisch kein feedback und auch die Verlage werden immer reservierter. Kein Wunder bei der Vielzahl der gew\u00fcnschten Rezensionsexemplaren. Ich hab schon versucht, mit Kochrezepten beim Leser zu punkten und jetzt mit Welpenfotos.    <\/p>\n\n\n\n<p>Aber immerhin bieten viele klassische Blogger (gegen\u00fcber Insta &amp; Co)  Qualit\u00e4t f\u00fcr Leser und Buchk\u00e4ufer, ein paar verwertbare Presse-S\u00e4tze f\u00fcr die Verlage und Freude f\u00fcr sich selbst. Gute Blogger informieren auf unterhaltsame und entspannte Weise \u00fcber B\u00fccher, die wir uns n\u00e4her ansehen sollten. Also, weitermachen und keine weiteren Welpenfotos.  <\/p>\n\n\n\n<figure class=\"wp-block-gallery columns-2 is-cropped wp-block-gallery-1 is-layout-flex wp-block-gallery-is-layout-flex\"><ul class=\"blocks-gallery-grid\"><li class=\"blocks-gallery-item\"><figure><img loading=\"lazy\" decoding=\"async\" width=\"400\" height=\"400\" src=\"https:\/\/trooboox.de\/wordpress\/wp-content\/uploads\/2018\/01\/hacks-dog-2-e1521995622905.jpg\" alt=\"\" data-id=\"90\" class=\"wp-image-90\"\/><\/figure><\/li><li class=\"blocks-gallery-item\"><figure><img loading=\"lazy\" decoding=\"async\" width=\"1024\" height=\"873\" src=\"https:\/\/trooboox.de\/wordpress\/wp-content\/uploads\/2020\/09\/Gina_tb_7323-1024x873.jpg\" alt=\"\" data-id=\"1861\" data-full-url=\"https:\/\/trooboox.de\/wordpress\/wp-content\/uploads\/2020\/09\/Gina_tb_7323-scaled.jpg\" data-link=\"https:\/\/trooboox.de\/wordpress\/?attachment_id=1861\" class=\"wp-image-1861\" srcset=\"https:\/\/trooboox.de\/wordpress\/wp-content\/uploads\/2020\/09\/Gina_tb_7323-1024x873.jpg 1024w, https:\/\/trooboox.de\/wordpress\/wp-content\/uploads\/2020\/09\/Gina_tb_7323-300x256.jpg 300w, https:\/\/trooboox.de\/wordpress\/wp-content\/uploads\/2020\/09\/Gina_tb_7323-768x655.jpg 768w, https:\/\/trooboox.de\/wordpress\/wp-content\/uploads\/2020\/09\/Gina_tb_7323-1536x1309.jpg 1536w, https:\/\/trooboox.de\/wordpress\/wp-content\/uploads\/2020\/09\/Gina_tb_7323-2048x1746.jpg 2048w, https:\/\/trooboox.de\/wordpress\/wp-content\/uploads\/2020\/09\/Gina_tb_7323-810x690.jpg 810w\" sizes=\"auto, (max-width: 1024px) 100vw, 1024px\" \/><\/figure><\/li><\/ul><figcaption class=\"blocks-gallery-caption\">Original (links) und F\u00e4lschung (rechts)<\/figcaption><\/figure>\n\n\n\n<p><strong>Wild im Wald &#8211; der Nationalpark Bayerwald bekommt ein Buch zum 50sten<\/strong><\/p>\n\n\n\n<p>Seit einigen Tagen habe ich einen Prachtband vom Verlag Knesebeck auf dem coffeetable: <em>Wilder Wald<\/em> &#8211; eine respektable Bestandsaufnahme zum 50. Jubil\u00e4um des Nationalparks Bayerischer Wald. Die Journalistin Alexandra von Poschinger hat aus den Bereichen der Klima- und Umweltforschung viel Informatives zusammengetragen, l\u00e4sst auch reichlich Promis zu Wort kommen und insgesamt den Nationalpark hochleben. Vor allem als weltweite Blaupause f\u00fcr Naturschutzgebiete, die sich selbst \u00fcberlassen werden. Die eindrucksvollen Fotos des (Ex-) Mitarbeiters der Parkverwaltung Rainer Simonis sind der rote Faden durch die \u00fcppige Themenauswahl. Der Bayerwald ist meine zweite Heimat und so bin ich nicht nur sehr gespannt auf das Buch, sondern freue mich auch auf das Wiedersehen mit einer wunderbaren, entschleunigenden Landschaft. Ich bin gespannt, wie die Vielzahl der Gastbeitr\u00e4ge zur Gelassenheit des Waldes passt. Das muss ein wilder post werden.<\/p>\n\n\n\n<div class=\"wp-block-image\"><figure class=\"aligncenter size-large is-resized\"><img loading=\"lazy\" decoding=\"async\" src=\"https:\/\/trooboox.de\/wordpress\/wp-content\/uploads\/2020\/09\/WW_cover_MO_beschn-scaled-e1601297578617-1024x848.jpg\" alt=\"\" class=\"wp-image-1852\" width=\"429\" height=\"356\" srcset=\"https:\/\/trooboox.de\/wordpress\/wp-content\/uploads\/2020\/09\/WW_cover_MO_beschn-scaled-e1601297578617-1024x848.jpg 1024w, https:\/\/trooboox.de\/wordpress\/wp-content\/uploads\/2020\/09\/WW_cover_MO_beschn-scaled-e1601297578617-300x249.jpg 300w, https:\/\/trooboox.de\/wordpress\/wp-content\/uploads\/2020\/09\/WW_cover_MO_beschn-scaled-e1601297578617-768x636.jpg 768w, https:\/\/trooboox.de\/wordpress\/wp-content\/uploads\/2020\/09\/WW_cover_MO_beschn-scaled-e1601297578617-1536x1273.jpg 1536w, https:\/\/trooboox.de\/wordpress\/wp-content\/uploads\/2020\/09\/WW_cover_MO_beschn-scaled-e1601297578617-2048x1697.jpg 2048w, https:\/\/trooboox.de\/wordpress\/wp-content\/uploads\/2020\/09\/WW_cover_MO_beschn-scaled-e1601297578617-833x690.jpg 833w\" sizes=\"auto, (max-width: 429px) 100vw, 429px\" \/><figcaption>Nachhaltig, ungez\u00e4hmt, geheimnisvoll und sehr, sehr erholsam.<\/figcaption><\/figure><\/div>\n\n\n\n<p><strong>Ischgl Horror Show &#8211; Ein Buch mit Fotobeweisen<\/strong><\/p>\n\n\n\n<p>Peinlich, peinlich, dieser gruselige Fotoband. Zumindest f\u00fcr die abgelichteten Skifahrer*innen. Zuerst fand ich Lois Hechenblaikners Bildband \u00fcber den COVID 19-Hotspot Ischgl gar nicht gut. F\u00fcr mich zu spekulativ, abschreckend und zu viel unreflektiertes Medieninteresse. Dabei ging es Hechenblaikner gar nicht um eine Corona-Doku. Seit fast 25 Jahren beobachtet und fotografiert er vor allem, die Zerst\u00f6rung der alpinen Natur- und Lebensr\u00e4ume durch ungebremsten Tourismus. Hoffentlich hilft das Buch dabei, das wir Skifahrer*innen naturfressenden Gigantismus meiden und einen m\u00f6glichst nachhaltigen Wintertourismus betreiben. Und daf\u00fcr mag und empfehle ich dieses Buch jetzt doch: <a href=\"https:\/\/trooboox.de\/wordpress\/warum-ich-den-fotoband-ischgl-jetzt-doch-gut-finde\/\" target=\"_blank\" rel=\"noreferrer noopener\" aria-label=\"ISCHGL (\u00f6ffnet in neuem Tab)\">ISCHGL<\/a>.<\/p>\n\n\n\n<div class=\"wp-block-image\"><figure class=\"aligncenter size-large is-resized\"><img loading=\"lazy\" decoding=\"async\" src=\"https:\/\/trooboox.de\/wordpress\/wp-content\/uploads\/2020\/06\/Hechenblaikner_Ischgl_Cov_MO.jpg-1024x902.png\" alt=\"\" class=\"wp-image-1758\" width=\"256\" height=\"225\" srcset=\"https:\/\/trooboox.de\/wordpress\/wp-content\/uploads\/2020\/06\/Hechenblaikner_Ischgl_Cov_MO.jpg-1024x902.png 1024w, https:\/\/trooboox.de\/wordpress\/wp-content\/uploads\/2020\/06\/Hechenblaikner_Ischgl_Cov_MO.jpg-300x264.png 300w, https:\/\/trooboox.de\/wordpress\/wp-content\/uploads\/2020\/06\/Hechenblaikner_Ischgl_Cov_MO.jpg-768x676.png 768w, https:\/\/trooboox.de\/wordpress\/wp-content\/uploads\/2020\/06\/Hechenblaikner_Ischgl_Cov_MO.jpg-783x690.png 783w, https:\/\/trooboox.de\/wordpress\/wp-content\/uploads\/2020\/06\/Hechenblaikner_Ischgl_Cov_MO.jpg.png 1200w\" sizes=\"auto, (max-width: 256px) 100vw, 256px\" \/><figcaption>(c) Lois hechenblaikner<\/figcaption><\/figure><\/div>\n\n\n\n<p> <strong>Mein Fundst\u00fcck im Oktober: Ein Roman der 20er Jahre in Berlin<\/strong><\/p>\n\n\n\n<p>Wer Leben und Kultur der Zwanziger Jahre und der Weimarer Republik nicht nur \u00fcber die neue Staffel <em>Babylon Berlin<\/em> (ab 11.10.) kennen lernen will, sollte den Roman \u201eK\u00e4sebier erobert den Kurf\u00fcrstendamm\u201c von Gabriele Tergit lesen.<\/p>\n\n\n\n<div class=\"wp-block-image\"><figure class=\"alignleft is-resized\"><img loading=\"lazy\" decoding=\"async\" src=\"https:\/\/images.booklooker.de\/s\/01dfjv\/Gabriele-Tergit+K%C3%A4sebier-erobert-den-Kurf%C3%BCrstendamm-Erste-Ausgabe.jpg\" alt=\"\" width=\"200\" height=\"267\"\/><\/figure><\/div>\n\n\n\n<p>Gabriele Tergit (1894 &#8211; 1982) hie\u00df eigentlich Elise Reifenberg, geb. Hirschmann und arbeitete als Journalistin, Gerichtsreporterin und Schriftstellerin. &#8222;K\u00e4sebier&#8220; ist ein Schl\u00fcsselroman aus dem kulturellen Berlin der 20er Jahre \u00fcber Aufstieg und Fall des S\u00e4ngers K\u00e4sebier (in Wirklichkeit Erich Carow). 1933 emigrierte die Autorin nach Pal\u00e4stina und anschlie\u00dfend London. Ihr Erstlingserfolg ist ein wichtiger Berlin-Roman. Gutes, lesefreundliches Exemplar mit ein paar altersbedingten Flecken. Ein Original eben,  gibt&#8217;s in meinem shop bei <a href=\"https:\/\/www.booklooker.de\/B%C3%BCcher\/Gabriele-Tergit+K%C3%A4sebier-erobert-den-Kurf%C3%BCrstendamm-Erste-Ausgabe\/id\/A02q1YZk01ZZJ\" target=\"_blank\" rel=\"noreferrer noopener\" aria-label=\"booklooker (\u00f6ffnet in neuem Tab)\">booklooker<\/a>.. <\/p>\n\n\n\n<p><\/p>\n\n\n\n<div class=\"wp-block-image\"><figure class=\"aligncenter is-resized\"><img loading=\"lazy\" decoding=\"async\" src=\"https:\/\/trooboox.de\/wordpress\/wp-content\/uploads\/2020\/04\/hacks-dog-2-300x300-1.jpg\" alt=\"Dieses Bild hat ein leeres Alt-Attribut. Der Dateiname ist hacks-dog-2-300x300-1.jpg\" width=\"118\" height=\"117\"\/><figcaption>(c) 2020 Kurt Pohl<br><\/figcaption><\/figure><\/div>\n","protected":false},"excerpt":{"rendered":"<p>Ein Jahr zum Abgew\u00f6hnen (schreibt Kurt Pohl) | Ein Jahr ohne Clubbing, Bundesliga, Festivals, Oktoberfest (naja) und jetzt auch ohne Frankfurter Buchmesse. Seit&hellip;<\/p>\n","protected":false},"author":2,"featured_media":1866,"comment_status":"open","ping_status":"open","sticky":false,"template":"","format":"standard","meta":{"_monsterinsights_skip_tracking":false,"_monsterinsights_sitenote_active":false,"_monsterinsights_sitenote_note":"","_monsterinsights_sitenote_category":0,"footnotes":""},"categories":[132],"tags":[314,318,311,312,192,316,310,291,317,188,309,315,31,313],"class_list":["post-1835","post","type-post","status-publish","format-standard","has-post-thumbnail","hentry","category-post","tag-alexandra-von-poschinger","tag-babylon-berlin","tag-buchblogs","tag-buchrevier","tag-frankfurter-buchmesse","tag-garbriele-tergit","tag-gentle-living","tag-ischgl","tag-kaesebier-erobert-berlin","tag-lois-hechenblaikner","tag-monocle","tag-nationalpark-bayerischer-wald","tag-startseite","tag-wilder-wald"],"_links":{"self":[{"href":"https:\/\/trooboox.de\/wordpress\/wp-json\/wp\/v2\/posts\/1835","targetHints":{"allow":["GET"]}}],"collection":[{"href":"https:\/\/trooboox.de\/wordpress\/wp-json\/wp\/v2\/posts"}],"about":[{"href":"https:\/\/trooboox.de\/wordpress\/wp-json\/wp\/v2\/types\/post"}],"author":[{"embeddable":true,"href":"https:\/\/trooboox.de\/wordpress\/wp-json\/wp\/v2\/users\/2"}],"replies":[{"embeddable":true,"href":"https:\/\/trooboox.de\/wordpress\/wp-json\/wp\/v2\/comments?post=1835"}],"version-history":[{"count":34,"href":"https:\/\/trooboox.de\/wordpress\/wp-json\/wp\/v2\/posts\/1835\/revisions"}],"predecessor-version":[{"id":1886,"href":"https:\/\/trooboox.de\/wordpress\/wp-json\/wp\/v2\/posts\/1835\/revisions\/1886"}],"wp:featuredmedia":[{"embeddable":true,"href":"https:\/\/trooboox.de\/wordpress\/wp-json\/wp\/v2\/media\/1866"}],"wp:attachment":[{"href":"https:\/\/trooboox.de\/wordpress\/wp-json\/wp\/v2\/media?parent=1835"}],"wp:term":[{"taxonomy":"category","embeddable":true,"href":"https:\/\/trooboox.de\/wordpress\/wp-json\/wp\/v2\/categories?post=1835"},{"taxonomy":"post_tag","embeddable":true,"href":"https:\/\/trooboox.de\/wordpress\/wp-json\/wp\/v2\/tags?post=1835"}],"curies":[{"name":"wp","href":"https:\/\/api.w.org\/{rel}","templated":true}]}}