{"id":1889,"date":"2020-11-24T10:53:00","date_gmt":"2020-11-24T09:53:00","guid":{"rendered":"https:\/\/trooboox.de\/wordpress\/?p=1889"},"modified":"2021-03-02T14:50:13","modified_gmt":"2021-03-02T13:50:13","slug":"wild-at-heart-tiefe-einblicke-in-den-bayerischen-wald","status":"publish","type":"post","link":"https:\/\/trooboox.de\/wordpress\/wild-at-heart-tiefe-einblicke-in-den-bayerischen-wald\/","title":{"rendered":"Wild at heart &#8211; tiefe Einblicke in den Bayerischen Wald"},"content":{"rendered":"\n<p>Von au\u00dfen wirkt der Bayerische Wald m\u00e4chtig und gelassen, aber im inneren tobt mit mehr als 11.000 Tier- und Pflanzenarten das Leben.&nbsp; Auf meinem coffeetable liegt das Buch <em>Wilder Wald<\/em> voller wissenswerter und \u00fcberraschender Informationen. Mit viel Empathie und Ideen hat die Journalistin Alexandra von Poschinger ein ausgesprochen sch\u00f6nes Buch zum 50. Geburtstag des Nationalparks Bayerischer Wald geschrieben und zusammengestellt. Mit besten nature writing geht sie der Wildheit das Parks auf die Spur, gleichberechtigt erg\u00e4nzt durch eindrucksvolle Fotos des langj\u00e4hrigen Nationalpark-Flaneurs Rainer Simonis. Beim ersten Schnelldurchgang fallen mir neben der Vielfalt der Beitr\u00e4ge die vielen Interviewpartner auf: so viele Prominente \u2013 ob das gut geht?<\/p>\n\n\n\n<p><strong>Deutschlands erster Nationalpark<\/strong><\/p>\n\n\n\n<div class=\"wp-block-image\"><figure class=\"alignleft size-large is-resized\"><img loading=\"lazy\" decoding=\"async\" src=\"https:\/\/trooboox.de\/wordpress\/wp-content\/uploads\/2020\/10\/cover_ereclea_mare-2-1017x1024.jpg\" alt=\"\" class=\"wp-image-1900\" width=\"229\" height=\"230\" srcset=\"https:\/\/trooboox.de\/wordpress\/wp-content\/uploads\/2020\/10\/cover_ereclea_mare-2-1017x1024.jpg 1017w, https:\/\/trooboox.de\/wordpress\/wp-content\/uploads\/2020\/10\/cover_ereclea_mare-2-298x300.jpg 298w, https:\/\/trooboox.de\/wordpress\/wp-content\/uploads\/2020\/10\/cover_ereclea_mare-2-150x150.jpg 150w, https:\/\/trooboox.de\/wordpress\/wp-content\/uploads\/2020\/10\/cover_ereclea_mare-2-768x773.jpg 768w, https:\/\/trooboox.de\/wordpress\/wp-content\/uploads\/2020\/10\/cover_ereclea_mare-2-1526x1536.jpg 1526w, https:\/\/trooboox.de\/wordpress\/wp-content\/uploads\/2020\/10\/cover_ereclea_mare-2-2034x2048.jpg 2034w, https:\/\/trooboox.de\/wordpress\/wp-content\/uploads\/2020\/10\/cover_ereclea_mare-2-685x690.jpg 685w, https:\/\/trooboox.de\/wordpress\/wp-content\/uploads\/2020\/10\/cover_ereclea_mare-2-45x45.jpg 45w\" sizes=\"auto, (max-width: 229px) 100vw, 229px\" \/><\/figure><\/div>\n\n\n\n<p>Vor f\u00fcnfzig Jahren wurde gegen den heftigen Widerstand der ans\u00e4ssigen Bev\u00f6lkerung und Wirtschaft ein mittlerweile fast 25.000 Hektar gro\u00dfes Gebiet des Bayerischen Waldes zum Nationalpark gewidmet. Stein des Ansto\u00dfes und revolution\u00e4rer Ansatz war das Ziel, nicht in die Entwicklung der Natur einzugreifen: \u201eNatur Natur sein lassen\u201c. Etwa 1,4 Mio Besucher sehen sich den wilden Wald &nbsp;in jedem Jahr an der Grenze zu Tschechien an. Sie kommen zum Schauen, Wandern, Biken, Entspannen und Eintauchen. <\/p>\n\n\n\n<p><strong>Ein Buchgeschenk zum Jubil\u00e4um<\/strong><\/p>\n\n\n\n<p>Das Buch zum\nJubil\u00e4um des Parks ist von der ersten Seite an ein angenehmes Leseerlebnis: wertiges\nPapier, nachhaltig gedruckt. Inhalt, Optik und Haptik sind fein aufeinander\nabgestimmt. Ein kurzweilig &nbsp;feuilletonistischer\nMix aus Reportagen, Portr\u00e4ts, wissenschaftlichen Informationen, Geschichten aus\ndem Nationalpark-Alltag und vielen, in Summe zu vielen Interviews. &nbsp;Einige Beispiele: Josef K\u00e4ser (ja, der\nSiemens-Joe) hat sich im Bayerischen Wald gleich einen 1133 m hohen Hausberg\ngekauft &#8211; weil er ihn so mag (logisch!). Die Europa-Abgeordnete Sarah Wiener hingegen\nfindet die Geschehnisse in unserem Darm ganz wichtig und dr\u00fcckt sich bei der\nFrage nach einem Jubil\u00e4umsmen\u00fc zur F\u00fcnfzigjahrfeier. Und <em>very<\/em> <em>weird<\/em> schie\u00dfen die\nAussagen von J\u00e4gerin Gloria von Thurn und Taxis an der Gegenwart vorbei: mit\nVerweis auf katholischen Katechismus und Tugendlehre sieht sie &nbsp;in der gleichberechtigten Sicht von Tier- und\nPflanzenwelt&nbsp; die Handschrift des Teufels.\nIm Verhalten von Raubtieren und \u201earchaischen Naturv\u00f6lkern\u201c erkennt man, \u201edass\ndie Natur von uns Menschen geb\u00e4ndigt werden muss\u201c. Von wegen Natur Natur sein\nlassen. Einige der Interviewten pr\u00e4sentieren sich vor allem sich selbst. Gut\ngefragt, schlecht geantwortet.<\/p>\n\n\n\n<p><strong>Im Totholz tobt das Leben<\/strong><\/p>\n\n\n\n<p>Gehen wir schnell\nzum dicken Plus des Buchs: den interessanten, informativen und faszinierenden Passagen.\nWir erfahren viel \u00fcber den Wald als Wasser- und Luftspeicher und wie er sich in\nden kommenden Jahren auf Klimaver\u00e4nderungen einstellen wird. Auch dabei wird\nsich der Wald selbst helfen (m\u00fcssen). Ein anderes Beispiel: mit 2.500 Pilzarten\n(und es werden noch mehr) ist der Park eines der wichtigsten Pilzreservate\nEuropas. Sie bilden ein gigantisches Versorgungs- und Kommunikationsnetz im\nWaldboden. Viele Arten bleiben erhalten, weil der Mensch nicht in die Abl\u00e4ufe\neingreift. Bis hin zu Schleimpilzen, die sowohl Eigenschaften von Pflanzen als\nauch Tieren besitzen. Auch wenn ich mich \u00fcber einen Steinpilz an der Oberfl\u00e4che\nnoch mehr freue. <\/p>\n\n\n\n<p>Wir lernen einen interessanten Urwaldk\u00e4fer (einer von mehr als 2.000 Arten) kennen, der \u00fcber den angrenzenden Nationalpark Sumava nach \u00fcber 100 Jahren wieder aufgetaucht ist. Wie \u00fcberhaupt der Bayerische Wald ein Beispiel f\u00fcr die internationale Zusammenarbeit ist und als Blaupause f\u00fcr andere Nationalparks an Bedeutung gewinnt. Und da ist noch das das leidige Thema mit dem Borkenk\u00e4fer, der bewusst nicht bek\u00e4mpft wurde. Durch die Invasion der Killer-K\u00e4fer wurden riesige Waldst\u00fccke vernichtet. Das daraus nach einigen Jahren entstandene Totholz geh\u00f6rt mit zum lebendigsten, was der Wald zu bieten hat, denn in ihm beginnt neues Leben. Anfang der neunziger Jahre wanderte ich deprimiert durch eine weiss-graue Mondlandschaft voller abgestorbener B\u00e4ume rund um den Rachel. Gut zwanzig Jahre sp\u00e4ter dann ein gl\u00fccklicher und anstrengender Gipfelweg durch frisches, neu entstehendes Gr\u00fcn. Der Wald nimmt sich die Zeit, die er eben braucht. &nbsp;&nbsp;&nbsp;&nbsp;&nbsp;&nbsp;&nbsp;&nbsp;&nbsp;&nbsp;<\/p>\n\n\n\n<figure class=\"wp-block-image size-large\"><img loading=\"lazy\" decoding=\"async\" width=\"1024\" height=\"389\" src=\"https:\/\/trooboox.de\/wordpress\/wp-content\/uploads\/2020\/10\/02_DIV5908-2-1024x389.jpg\" alt=\"\" class=\"wp-image-1899\" srcset=\"https:\/\/trooboox.de\/wordpress\/wp-content\/uploads\/2020\/10\/02_DIV5908-2-1024x389.jpg 1024w, https:\/\/trooboox.de\/wordpress\/wp-content\/uploads\/2020\/10\/02_DIV5908-2-300x114.jpg 300w, https:\/\/trooboox.de\/wordpress\/wp-content\/uploads\/2020\/10\/02_DIV5908-2-768x292.jpg 768w, https:\/\/trooboox.de\/wordpress\/wp-content\/uploads\/2020\/10\/02_DIV5908-2-1536x584.jpg 1536w, https:\/\/trooboox.de\/wordpress\/wp-content\/uploads\/2020\/10\/02_DIV5908-2-2048x779.jpg 2048w, https:\/\/trooboox.de\/wordpress\/wp-content\/uploads\/2020\/10\/02_DIV5908-2-1500x570.jpg 1500w\" sizes=\"auto, (max-width: 1024px) 100vw, 1024px\" \/><figcaption>D\u00fcster, aber kein Mythos mehr.<\/figcaption><\/figure>\n\n\n\n<p>Die zahlreichen\nFotos von Rainer Simonis geben uns einen Vorgeschmack von dem, was wir \u2013 eventuell\nmit viel Gl\u00fcck und Geduld \u2013 im Wald erleben d\u00fcrfen. Simonis war bis vor kurzem\nin der Parkverwaltung besch\u00e4ftigt und ist damit ein t\u00e4glicher Beobachter des\nWaldlebens. Er zeigt Tiere und Landschaft in allen Facetten: von putzigen Baby-Luchsen\nbis zum gerissenen Wild als Futterquelle, zeigt totes Holz und lebendigstes Gr\u00fcn.\nDie Fotos strahlen die Ruhe des Waldes aus und tun dem Buch gut.<\/p>\n\n\n\n<p><strong>Adieu Mythos Wald<\/strong><\/p>\n\n\n\n<p>Das Buch\nliest sich wie ein dickes, unterhaltsames und informatives Magazin. Von\nPoschinger ist es nicht nur gelungen, viele spannende Themen im Buch\nunterzubringen, sie hat auch die Stimmung des Bayerischen Waldes f\u00fcr uns\neingefangen. Wald macht gl\u00fccklich und zufrieden, das motiviert. Die Autorin zieht\nden dunklen, deutschen Wald vom Mythos-Sockel, denn trotz des vielf\u00e4ltigen\nnature writing wird er immer noch unter Wert genutzt. Durch <em>Wilder Wald<\/em> wird er zum zeitgem\u00e4ssen\nErlebnisraum. Wer ihn erkundet, darf einiges erwarten: &nbsp;Die Luft bl\u00e4st einem dem Kopf frei,\nabwechselnd Stille und glucksende Waserl\u00e4ufe sind der richtige sound f\u00fcr gute\nGedanken. Und mit etwas Gl\u00fcck findet man noch Funkl\u00f6cher, die einem absolute\nRuhe bescheren. Wir m\u00fcssen ja nicht jeden Baum einzeln umarmen.<\/p>\n\n\n\n<p><strong>Alexandra von Poschinger\/Rainer Simonis, <a href=\"https:\/\/www.knesebeck-verlag.de\/wilder_wald\/t-1\/904\" target=\"_blank\" rel=\"noreferrer noopener\" aria-label=\"Wilder Wald (\u00f6ffnet in neuem Tab)\">Wilder Wald<\/a> | 224 S. mit vielen Farbabbildungen | \u20ac 40 <\/strong><\/p>\n\n\n\n<div class=\"wp-block-image\"><figure class=\"aligncenter is-resized\"><img loading=\"lazy\" decoding=\"async\" src=\"https:\/\/trooboox.de\/wordpress\/wp-content\/uploads\/2018\/01\/hacks-dog-2-e1521995622905.jpg\" alt=\"Dieses Bild hat ein leeres Alt-Attribut. Der Dateiname ist hacks-dog-2-e1521995622905.jpg\" width=\"130\" height=\"130\"\/><figcaption>(c) Kurt Pohl 2020<\/figcaption><\/figure><\/div>\n\n\n\n<p><strong>Alexandra von Poschinger\/Sankt Oswald antwortet trooboox\/Wien:<\/strong><\/p>\n\n\n\n<p><em>Von welchem magischen Platz im Nationalpark str\u00f6mt f\u00fcr dich\nmeiste Kraft aus?<\/em><\/p>\n\n\n\n<p>Das Urwaldgebiet Watzlikhain ist\nf\u00fcr mich einer der magischsten Orte im Nationalpark Bayerischer Wald. Die\njahrhundertealten Baumriesen str\u00f6men eine irre Urkraft aus.<\/p>\n\n\n\n<p><em>L\u00e4sst sich die umz\u00e4unte Gehegezone in einem v\u00f6llig\nnaturbelassenem Wald in unseren 20er Jahren noch sinnvoll aufrecht erhalten? <\/em><\/p>\n\n\n\n<p>Vielleicht ist die Gehegezone am\nNationalparkzentrum Lusen nicht mehr ganz zeitgem\u00e4\u00df. Sie stammt aus den 1970er\nJahren und w\u00fcrde heute bestimmt anders, noch gro\u00dfz\u00fcgiger konzipiert. Ich bin\nselbst hin- und hergerissen, ob ein Zoo mit der Philosophie eines Nationalparks\neinhergehen kann, komme aber zu dem Schluss, dass die Besucher der Gehegezone\nschon auch sehr viel \u00fcber Artenschutz und -reichtum mit nach Hause nehmen &#8211;\nsicher mehr, als sie sich aus B\u00fcchern aneignen w\u00fcrden.<\/p>\n\n\n\n<p><em>Dein Buch wirkt wie ein dickes Magazin und ist damit sehr\nkurzweilig. Ist das auch die Form f\u00fcr dein n\u00e4chstes Projekt? Kannst du etwas\ndar\u00fcber verraten?<\/em><\/p>\n\n\n\n<p>Der sprachliche Duktus meines\nBuchs ist bewusst ein feuilletonistischer. Das Feuilleton ist ja auch das\njournalistische Ressort, aus dem ich komme. Ich wollte mit der Tradition\nbrechen, wissenschaftliche Themen auch wissenschaftlich zu formulieren.\nStattdessen glaube ich, mit meinem Schreibstil ein breiteres Publikum zu\nerreichen &#8211; was mir schon sehr wichtig ist, betreffen Themen wie Natur-,\nUmwelt-, Klima- und Artenschutz doch uns alle. <\/p>\n\n\n\n<p>Ich habe ein n\u00e4chstes Buch im\nKopf, m\u00f6chte dazu aber noch nichts verraten. Alter Autorenaberglaube!<\/p>\n\n\n\n<p><em>Meine Lieblingstouren sind der Rachel \u00fcber den\nKlingenbrunner Steig und die Hochschachten. Dein Wander-Tipp?<\/em><\/p>\n\n\n\n<p>Ich schlie\u00dfe mich Deiner\nLieblingstour zu 100 Prozent an. Das n\u00e4chste Mal wandern wir am besten\nzusammen.<\/p>\n\n\n\n<p><em>Zum Jubil\u00e4umsmen\u00fc f\u00fcr 50 Jahre Nationalpark fallen mir ger\u00e4ucherte\nIlz-Forelle mit einer Art Waldkr\u00e4uter-Marinade, Schwammerl mit Semmelkn\u00f6del und\nabschie\u00dfend gezuckerte Schwarzbeeren mit Milch ein. Wie s\u00e4he dein Festtags-Men\u00fc\naus?<\/em><\/p>\n\n\n\n<p>Auf meinem Speiseplan zum Jubil\u00e4um stehen ein Steinpilzs\u00fclzchen als Entree, Entrecote vom Hirschkalb als Hauptgang und ein Rauschbeereneis an Fichtennadelsirup zum Dessert. Ein Gl\u00e4schen Gin aus acht Bayerwald-Botanicals&nbsp; aus der familieneigenen Edelbrandmanufaktur, setzt dem Geburtstagsessen nat\u00fcrlich die Krone auf.<\/p>\n\n\n\n<p><em>PS: wenn ich im Bayerischen Wald wandere, \u00fcbernachte ich gerne hier: <a rel=\"noreferrer noopener\" aria-label=\"Hotel St. Florian (\u00f6ffnet in neuem Tab)\" href=\"https:\/\/www.st-florian.de\/\" target=\"_blank\">Hotel St. Florian<\/a>, Frauenau (unentgeltlicher Tipp!)<\/em><\/p>\n","protected":false},"excerpt":{"rendered":"<p>Von au\u00dfen wirkt der Bayerische Wald m\u00e4chtig und gelassen, aber im inneren tobt mit mehr als 11.000 Tier- und Pflanzenarten das Leben.&nbsp; Auf&hellip;<\/p>\n","protected":false},"author":2,"featured_media":1893,"comment_status":"open","ping_status":"open","sticky":false,"template":"","format":"standard","meta":{"_monsterinsights_skip_tracking":false,"_monsterinsights_sitenote_active":false,"_monsterinsights_sitenote_note":"","_monsterinsights_sitenote_category":0,"footnotes":""},"categories":[15],"tags":[321,314,319,315,322,320,31],"class_list":["post-1889","post","type-post","status-publish","format-standard","has-post-thumbnail","hentry","category-reisen","tag-50-jahre-nationalpark","tag-alexandra-von-poschinger","tag-knesebeck","tag-nationalpark-bayerischer-wald","tag-nature-writing","tag-rainer-simonis","tag-startseite"],"_links":{"self":[{"href":"https:\/\/trooboox.de\/wordpress\/wp-json\/wp\/v2\/posts\/1889","targetHints":{"allow":["GET"]}}],"collection":[{"href":"https:\/\/trooboox.de\/wordpress\/wp-json\/wp\/v2\/posts"}],"about":[{"href":"https:\/\/trooboox.de\/wordpress\/wp-json\/wp\/v2\/types\/post"}],"author":[{"embeddable":true,"href":"https:\/\/trooboox.de\/wordpress\/wp-json\/wp\/v2\/users\/2"}],"replies":[{"embeddable":true,"href":"https:\/\/trooboox.de\/wordpress\/wp-json\/wp\/v2\/comments?post=1889"}],"version-history":[{"count":10,"href":"https:\/\/trooboox.de\/wordpress\/wp-json\/wp\/v2\/posts\/1889\/revisions"}],"predecessor-version":[{"id":2027,"href":"https:\/\/trooboox.de\/wordpress\/wp-json\/wp\/v2\/posts\/1889\/revisions\/2027"}],"wp:featuredmedia":[{"embeddable":true,"href":"https:\/\/trooboox.de\/wordpress\/wp-json\/wp\/v2\/media\/1893"}],"wp:attachment":[{"href":"https:\/\/trooboox.de\/wordpress\/wp-json\/wp\/v2\/media?parent=1889"}],"wp:term":[{"taxonomy":"category","embeddable":true,"href":"https:\/\/trooboox.de\/wordpress\/wp-json\/wp\/v2\/categories?post=1889"},{"taxonomy":"post_tag","embeddable":true,"href":"https:\/\/trooboox.de\/wordpress\/wp-json\/wp\/v2\/tags?post=1889"}],"curies":[{"name":"wp","href":"https:\/\/api.w.org\/{rel}","templated":true}]}}