{"id":2164,"date":"2021-10-22T22:53:52","date_gmt":"2021-10-22T20:53:52","guid":{"rendered":"https:\/\/trooboox.de\/wordpress\/?p=2164"},"modified":"2021-11-08T10:36:59","modified_gmt":"2021-11-08T09:36:59","slug":"buchmesse-21-vom-warten-auf-die-currywurst-und-auf-irgendeine-normalitaet","status":"publish","type":"post","link":"https:\/\/trooboox.de\/wordpress\/buchmesse-21-vom-warten-auf-die-currywurst-und-auf-irgendeine-normalitaet\/","title":{"rendered":"Buchmesse &#8217;21: vom Warten auf die Currywurst und auf irgendeine Normalit\u00e4t."},"content":{"rendered":"\n<p>Deutlich weniger Aussteller, COVID-bedingt limitierte Besucherzahlen, zaghafte Buchh\u00e4ndler und die einzige Warteschlange an der Currywurst Bude. Bei meinem Messerundgang am letzten Donnerstag wurde ich das Gef\u00fchl nicht los, dass die deutschen Publikumsverlage kneifen. Mutlos und nicht mal mit halber Kraft vertreten. Immerhin sind Kinderbuch-Verlage gut pr\u00e4sent. Sie arbeiten an der Zukunft des Buchmarkts, einige Belletristik-Verlage arbeiten in Frankfurt nicht einmal an der Gegenwart des Buchs. Es gibt (zu) viele St\u00e4nde mit non books und wir entdecken wasserfeste B\u00fccher f\u00fcr die Badewanne. Immerhin.<\/p>\n\n\n\n<p><strong>Back to Fr\u00e4nkfurt<\/strong><\/p>\n\n\n\n<p>Messechef J\u00fcrgen Boos markierte bei der Er\u00f6ffnung: \u201eBack to business, aber (noch) nicht back to normal&#8220;. Hat er uns verschwiegen, dass Normalit\u00e4t ein \u00e4usserst dynamischer Begriff ist? Nat\u00fcrlich lassen sich die sp\u00e4rlich besuchten Hallen mit der noch nicht \u00fcberwundenen Pandemie erkl\u00e4ren. Zum Planungszeitraum gab es noch weltweite lock downs, Impfanl\u00e4ufe, rechtliche Unsicherheiten und bis heute unterschiedliche internationale Reiseeinschr\u00e4nkungen. Dennoch vermisse ich bei den D\/A\/CH-Verlagen die Kreativit\u00e4t, mit dieser wagen Situation bei der Planung umzugehen. Frankfurt ist eine Standard\u00fcbung f\u00fcr sie. Ich ringe um Luft: Messehallenluft ist an sich schon eine Herausforderung an die Atemwege, mit FFP2 wird\u2019s nach Stunden zur Qual &#8211; so gut und sinnvoll ich die Maske finde! Eva Menasse tr\u00e4gt sie immerhin mit Verve. Diese Messe zeigt dramatisch, wie notwendig eine Neupositionierung der Messe ist.<\/p>\n\n\n\n<p><strong>Kanada macht Mut zur Literatur<\/strong><\/p>\n\n\n\n<p>Das Gastland Kanada hat diese Pandemie wirklich nicht verdient \u2013 zu sch\u00f6n und poetisch ist sein Pavillon: mit Kaskaden und Wellen von Wasser und W\u00e4ldern. Die Begegnungen mit kanadischen Autoren findet live und mit virtuellen 3D-Sequenzen statt. Mutig, beeindruckend und zu schade, um wieder abgebaut zu werden.<\/p>\n\n\n\n<figure class=\"wp-block-gallery columns-2 is-cropped wp-block-gallery-1 is-layout-flex wp-block-gallery-is-layout-flex\"><ul class=\"blocks-gallery-grid\"><li class=\"blocks-gallery-item\"><figure><img loading=\"lazy\" decoding=\"async\" width=\"1024\" height=\"768\" src=\"https:\/\/trooboox.de\/wordpress\/wp-content\/uploads\/2021\/10\/IMG_9876-1024x768.jpg\" alt=\"\" data-id=\"2170\" data-full-url=\"https:\/\/trooboox.de\/wordpress\/wp-content\/uploads\/2021\/10\/IMG_9876-scaled.jpg\" data-link=\"https:\/\/trooboox.de\/wordpress\/?attachment_id=2170\" class=\"wp-image-2170\" srcset=\"https:\/\/trooboox.de\/wordpress\/wp-content\/uploads\/2021\/10\/IMG_9876-1024x768.jpg 1024w, https:\/\/trooboox.de\/wordpress\/wp-content\/uploads\/2021\/10\/IMG_9876-300x225.jpg 300w, https:\/\/trooboox.de\/wordpress\/wp-content\/uploads\/2021\/10\/IMG_9876-768x576.jpg 768w, https:\/\/trooboox.de\/wordpress\/wp-content\/uploads\/2021\/10\/IMG_9876-1536x1152.jpg 1536w, https:\/\/trooboox.de\/wordpress\/wp-content\/uploads\/2021\/10\/IMG_9876-2048x1536.jpg 2048w, https:\/\/trooboox.de\/wordpress\/wp-content\/uploads\/2021\/10\/IMG_9876-920x690.jpg 920w, https:\/\/trooboox.de\/wordpress\/wp-content\/uploads\/2021\/10\/IMG_9876-790x593.jpg 790w\" sizes=\"auto, (max-width: 1024px) 100vw, 1024px\" \/><figcaption class=\"blocks-gallery-item__caption\">Poesie-Wellen in Kanada<\/figcaption><\/figure><\/li><li class=\"blocks-gallery-item\"><figure><img loading=\"lazy\" decoding=\"async\" width=\"1024\" height=\"768\" src=\"https:\/\/trooboox.de\/wordpress\/wp-content\/uploads\/2021\/10\/IMG_98721-1024x768.jpg\" alt=\"\" data-id=\"2168\" data-link=\"https:\/\/trooboox.de\/wordpress\/?attachment_id=2168\" class=\"wp-image-2168\" srcset=\"https:\/\/trooboox.de\/wordpress\/wp-content\/uploads\/2021\/10\/IMG_98721-1024x768.jpg 1024w, https:\/\/trooboox.de\/wordpress\/wp-content\/uploads\/2021\/10\/IMG_98721-300x225.jpg 300w, https:\/\/trooboox.de\/wordpress\/wp-content\/uploads\/2021\/10\/IMG_98721-768x576.jpg 768w, https:\/\/trooboox.de\/wordpress\/wp-content\/uploads\/2021\/10\/IMG_98721-1536x1152.jpg 1536w, https:\/\/trooboox.de\/wordpress\/wp-content\/uploads\/2021\/10\/IMG_98721-2048x1536.jpg 2048w, https:\/\/trooboox.de\/wordpress\/wp-content\/uploads\/2021\/10\/IMG_98721-920x690.jpg 920w, https:\/\/trooboox.de\/wordpress\/wp-content\/uploads\/2021\/10\/IMG_98721-790x593.jpg 790w\" sizes=\"auto, (max-width: 1024px) 100vw, 1024px\" \/><figcaption class=\"blocks-gallery-item__caption\">Schriftsteller*innen virtuell<\/figcaption><\/figure><\/li><\/ul><\/figure>\n\n\n\n<p><strong>Afghanistan tr\u00e4gt Trauer, Russland macht auf Disko<\/strong><\/p>\n\n\n\n<p>Aausl\u00e4ndische Verlage mit Gemeinschaftsst\u00e4nden sind immerhin gut vertreten: Litauen und Estland mit pfiffig eleganten Messest\u00e4nden, Afghanistan tr\u00e4gt Trauer mit einem leeren Messestand ohne B\u00fccher. Nur die Russen lasse ich links liegen: sie vermiesen uns f\u00fcr den Winter unsere Gasrechnung. . . der Stand sieht aus wie eine Berliner Russendisko der Nuller Jahre.<\/p>\n\n\n\n<figure class=\"wp-block-gallery columns-3 is-cropped wp-block-gallery-2 is-layout-flex wp-block-gallery-is-layout-flex\"><ul class=\"blocks-gallery-grid\"><li class=\"blocks-gallery-item\"><figure><img loading=\"lazy\" decoding=\"async\" width=\"1024\" height=\"768\" src=\"https:\/\/trooboox.de\/wordpress\/wp-content\/uploads\/2021\/10\/IMG_9883-1024x768.jpg\" alt=\"\" data-id=\"2171\" data-link=\"https:\/\/trooboox.de\/wordpress\/?attachment_id=2171\" class=\"wp-image-2171\" srcset=\"https:\/\/trooboox.de\/wordpress\/wp-content\/uploads\/2021\/10\/IMG_9883-1024x768.jpg 1024w, https:\/\/trooboox.de\/wordpress\/wp-content\/uploads\/2021\/10\/IMG_9883-300x225.jpg 300w, https:\/\/trooboox.de\/wordpress\/wp-content\/uploads\/2021\/10\/IMG_9883-768x576.jpg 768w, https:\/\/trooboox.de\/wordpress\/wp-content\/uploads\/2021\/10\/IMG_9883-1536x1152.jpg 1536w, https:\/\/trooboox.de\/wordpress\/wp-content\/uploads\/2021\/10\/IMG_9883-2048x1536.jpg 2048w, https:\/\/trooboox.de\/wordpress\/wp-content\/uploads\/2021\/10\/IMG_9883-920x690.jpg 920w, https:\/\/trooboox.de\/wordpress\/wp-content\/uploads\/2021\/10\/IMG_9883-790x593.jpg 790w\" sizes=\"auto, (max-width: 1024px) 100vw, 1024px\" \/><\/figure><\/li><li class=\"blocks-gallery-item\"><figure><img loading=\"lazy\" decoding=\"async\" width=\"448\" height=\"336\" src=\"https:\/\/trooboox.de\/wordpress\/wp-content\/uploads\/2021\/10\/Litauen_kompr.jpg\" alt=\"\" data-id=\"2172\" data-link=\"https:\/\/trooboox.de\/wordpress\/?attachment_id=2172\" class=\"wp-image-2172\" srcset=\"https:\/\/trooboox.de\/wordpress\/wp-content\/uploads\/2021\/10\/Litauen_kompr.jpg 448w, https:\/\/trooboox.de\/wordpress\/wp-content\/uploads\/2021\/10\/Litauen_kompr-300x225.jpg 300w\" sizes=\"auto, (max-width: 448px) 100vw, 448px\" \/><\/figure><\/li><li class=\"blocks-gallery-item\"><figure><img loading=\"lazy\" decoding=\"async\" width=\"448\" height=\"336\" src=\"https:\/\/trooboox.de\/wordpress\/wp-content\/uploads\/2021\/10\/Russia_kompr.jpg\" alt=\"\" data-id=\"2173\" data-full-url=\"https:\/\/trooboox.de\/wordpress\/wp-content\/uploads\/2021\/10\/Russia_kompr.jpg\" data-link=\"https:\/\/trooboox.de\/wordpress\/?attachment_id=2173\" class=\"wp-image-2173\" srcset=\"https:\/\/trooboox.de\/wordpress\/wp-content\/uploads\/2021\/10\/Russia_kompr.jpg 448w, https:\/\/trooboox.de\/wordpress\/wp-content\/uploads\/2021\/10\/Russia_kompr-300x225.jpg 300w\" sizes=\"auto, (max-width: 448px) 100vw, 448px\" \/><\/figure><\/li><\/ul><\/figure>\n\n\n\n<p>Klassische high quality Verlage wie Schirmer und Mosel und gestalten finde ich nur zuf\u00e4llig in der internationalen Halle, abseits in kleinen Kojen, als &#8222;workstations&#8220; gebranded. Ein paar B\u00fccher schm\u00f6ker-abwehrend an der R\u00fcckwand verstaut, davor auf 5 m\u00b2 ein nackter Tisch mit St\u00fchlen. Hier wird nicht gelesen, hier wird business gemacht. Lothar Schirmer, einer der markantesten Verleger und Verlage, unterh\u00e4lt bei dieser Messe nicht wie bisher launig und dauersitzend in Mitten der gro\u00dfen Kunstbuch-Halle seine G\u00e4ste. Und bei gestalten freue ich mich auf die Neuerscheinung&nbsp;&#8222;What a wedding!&#8220;, \u00fcber die ich in den n\u00e4chsten Wochen posten m\u00f6chte \u2013 leider nicht dabei gesteht die freundliche Mitarbeiterin. . . Der mit seinen Verlagsvertretungen umtriebige Mario Max meint lakonisch, \u201eman m\u00fcsse sich am Abend die Messe sch\u00f6n trinken\u201c \u2013 eigentlich m\u00fcsste schon mittags damit anfangen.<\/p>\n\n\n\n<figure class=\"wp-block-gallery columns-3 is-cropped wp-block-gallery-3 is-layout-flex wp-block-gallery-is-layout-flex\"><ul class=\"blocks-gallery-grid\"><li class=\"blocks-gallery-item\"><figure><img loading=\"lazy\" decoding=\"async\" width=\"1024\" height=\"768\" src=\"https:\/\/trooboox.de\/wordpress\/wp-content\/uploads\/2021\/10\/IMG_9884-1024x768.jpg\" alt=\"\" data-id=\"2176\" data-link=\"https:\/\/trooboox.de\/wordpress\/?attachment_id=2176\" class=\"wp-image-2176\" srcset=\"https:\/\/trooboox.de\/wordpress\/wp-content\/uploads\/2021\/10\/IMG_9884-1024x768.jpg 1024w, https:\/\/trooboox.de\/wordpress\/wp-content\/uploads\/2021\/10\/IMG_9884-300x225.jpg 300w, https:\/\/trooboox.de\/wordpress\/wp-content\/uploads\/2021\/10\/IMG_9884-768x576.jpg 768w, https:\/\/trooboox.de\/wordpress\/wp-content\/uploads\/2021\/10\/IMG_9884-1536x1152.jpg 1536w, https:\/\/trooboox.de\/wordpress\/wp-content\/uploads\/2021\/10\/IMG_9884-2048x1536.jpg 2048w, https:\/\/trooboox.de\/wordpress\/wp-content\/uploads\/2021\/10\/IMG_9884-920x690.jpg 920w, https:\/\/trooboox.de\/wordpress\/wp-content\/uploads\/2021\/10\/IMG_9884-790x593.jpg 790w\" sizes=\"auto, (max-width: 1024px) 100vw, 1024px\" \/><figcaption class=\"blocks-gallery-item__caption\">trauriges Afghanistan<\/figcaption><\/figure><\/li><li class=\"blocks-gallery-item\"><figure><img loading=\"lazy\" decoding=\"async\" width=\"448\" height=\"336\" src=\"https:\/\/trooboox.de\/wordpress\/wp-content\/uploads\/2021\/10\/Schmidt_kompr.jpg\" alt=\"\" data-id=\"2178\" data-link=\"https:\/\/trooboox.de\/wordpress\/?attachment_id=2178\" class=\"wp-image-2178\" srcset=\"https:\/\/trooboox.de\/wordpress\/wp-content\/uploads\/2021\/10\/Schmidt_kompr.jpg 448w, https:\/\/trooboox.de\/wordpress\/wp-content\/uploads\/2021\/10\/Schmidt_kompr-300x225.jpg 300w\" sizes=\"auto, (max-width: 448px) 100vw, 448px\" \/><figcaption class=\"blocks-gallery-item__caption\">Schmidt-Friderichs f\u00f6rdert Jugend<\/figcaption><\/figure><\/li><li class=\"blocks-gallery-item\"><figure><img loading=\"lazy\" decoding=\"async\" width=\"448\" height=\"336\" src=\"https:\/\/trooboox.de\/wordpress\/wp-content\/uploads\/2021\/10\/schirmer_kompr.jpg\" alt=\"\" data-id=\"2180\" data-full-url=\"https:\/\/trooboox.de\/wordpress\/wp-content\/uploads\/2021\/10\/schirmer_kompr.jpg\" data-link=\"https:\/\/trooboox.de\/wordpress\/?attachment_id=2180\" class=\"wp-image-2180\" srcset=\"https:\/\/trooboox.de\/wordpress\/wp-content\/uploads\/2021\/10\/schirmer_kompr.jpg 448w, https:\/\/trooboox.de\/wordpress\/wp-content\/uploads\/2021\/10\/schirmer_kompr-300x225.jpg 300w\" sizes=\"auto, (max-width: 448px) 100vw, 448px\" \/><figcaption class=\"blocks-gallery-item__caption\">Lothar Schirmer im Eck<\/figcaption><\/figure><\/li><\/ul><\/figure>\n\n\n\n<p>Eigentlich wollte ich \u201emeine\u201c Verlage f\u00fcr culture books besuchen: Kunst, Fotografie, Reisen und Lifestyle von gestalten, Hatje Cantz, Kehrer, Reprodukt, avant, Knesebeck und andere. F\u00fcr eine Preview \u00fcber Neuerscheinungen Herbst\/Winter und damit eine quick and dirty-Vorschau auf meine trooboox-posts der n\u00e4chsten Monate. Schnelle Fotos, flotte Kurzkritiken. Aber fast keine Verlage da.<\/p>\n\n\n\n<p>Buchmesse, Verleger, Handel und Medien m\u00fcssen hybride Ideen f\u00fcr einen neuen Marktplatz entwickeln. Ausser mit Leipzig ist \u2013 auch digital \u2013 noch kein Event vorhanden, der sich kommunikativer St\u00e4rke nur ann\u00e4hernd mit der &#8222;alten&#8220; Buchmesse messen kann. Einen Buchtitel f\u00fcr diese neue Messe h\u00e4tten wir schon: vom Suchen und Finden der neuen Normalit\u00e4t.<\/p>\n\n\n\n<div class=\"wp-block-image\"><figure class=\"aligncenter size-large is-resized\"><img loading=\"lazy\" decoding=\"async\" src=\"https:\/\/trooboox.de\/wordpress\/wp-content\/uploads\/2021\/10\/Kurt_kompr-rotated.jpg\" alt=\"\" class=\"wp-image-2174\" width=\"176\" height=\"132\" srcset=\"https:\/\/trooboox.de\/wordpress\/wp-content\/uploads\/2021\/10\/Kurt_kompr-rotated.jpg 447w, https:\/\/trooboox.de\/wordpress\/wp-content\/uploads\/2021\/10\/Kurt_kompr-300x226.jpg 300w\" sizes=\"auto, (max-width: 176px) 100vw, 176px\" \/><figcaption>(c) Kurt Pohl 2021<\/figcaption><\/figure><\/div>\n\n\n\n<p><\/p>\n","protected":false},"excerpt":{"rendered":"<p>Deutlich weniger Aussteller, COVID-bedingt limitierte Besucherzahlen, zaghafte Buchh\u00e4ndler und die einzige Warteschlange an der Currywurst Bude. Bei meinem Messerundgang am letzten Donnerstag wurde&hellip;<\/p>\n","protected":false},"author":2,"featured_media":2165,"comment_status":"open","ping_status":"open","sticky":false,"template":"","format":"standard","meta":{"_monsterinsights_skip_tracking":false,"_monsterinsights_sitenote_active":false,"_monsterinsights_sitenote_note":"","_monsterinsights_sitenote_category":0,"footnotes":""},"categories":[14],"tags":[345,206,347,348,349,346],"class_list":["post-2164","post","type-post","status-publish","format-standard","has-post-thumbnail","hentry","category-lifestyle","tag-frankurter-buchmesse","tag-gestalten","tag-juergen-boos","tag-karin-schmidt-friedrichs","tag-mario-max","tag-schirmer-und-mosel"],"_links":{"self":[{"href":"https:\/\/trooboox.de\/wordpress\/wp-json\/wp\/v2\/posts\/2164","targetHints":{"allow":["GET"]}}],"collection":[{"href":"https:\/\/trooboox.de\/wordpress\/wp-json\/wp\/v2\/posts"}],"about":[{"href":"https:\/\/trooboox.de\/wordpress\/wp-json\/wp\/v2\/types\/post"}],"author":[{"embeddable":true,"href":"https:\/\/trooboox.de\/wordpress\/wp-json\/wp\/v2\/users\/2"}],"replies":[{"embeddable":true,"href":"https:\/\/trooboox.de\/wordpress\/wp-json\/wp\/v2\/comments?post=2164"}],"version-history":[{"count":16,"href":"https:\/\/trooboox.de\/wordpress\/wp-json\/wp\/v2\/posts\/2164\/revisions"}],"predecessor-version":[{"id":2195,"href":"https:\/\/trooboox.de\/wordpress\/wp-json\/wp\/v2\/posts\/2164\/revisions\/2195"}],"wp:featuredmedia":[{"embeddable":true,"href":"https:\/\/trooboox.de\/wordpress\/wp-json\/wp\/v2\/media\/2165"}],"wp:attachment":[{"href":"https:\/\/trooboox.de\/wordpress\/wp-json\/wp\/v2\/media?parent=2164"}],"wp:term":[{"taxonomy":"category","embeddable":true,"href":"https:\/\/trooboox.de\/wordpress\/wp-json\/wp\/v2\/categories?post=2164"},{"taxonomy":"post_tag","embeddable":true,"href":"https:\/\/trooboox.de\/wordpress\/wp-json\/wp\/v2\/tags?post=2164"}],"curies":[{"name":"wp","href":"https:\/\/api.w.org\/{rel}","templated":true}]}}