{"id":2383,"date":"2022-08-23T11:15:34","date_gmt":"2022-08-23T09:15:34","guid":{"rendered":"https:\/\/trooboox.de\/wordpress\/?p=2383"},"modified":"2022-08-23T12:01:36","modified_gmt":"2022-08-23T10:01:36","slug":"angenehm-dubbe","status":"publish","type":"post","link":"https:\/\/trooboox.de\/wordpress\/angenehm-dubbe\/","title":{"rendered":"Angenehm, Dubbe."},"content":{"rendered":"\n<p><\/p>\n\n\n\n<p><strong>Meine Erfahrungen mit Autoren<\/strong><\/p>\n\n\n\n<p>Die Autoren, mit denen ich als (Mit-)Verleger arbeiten durfte waren sehr unterschiedlich: Hinterberger war meist misstrauisch, der Wiener Br\u00f6dl l\u00e4ssig, Stingl patzig, Fante leider schon tot und Daniel Dubbe \u00e4u\u00dferst angenehm. Auch bei programmatischen Meinungsverschiedenheiten behielt er seine ruhige, hanseatische Art &#8211; und setzte sich durch. In dieser Zusammenarbeit entstanden drei seiner sechzehn B\u00fccher. Jetzt ist er achtzig geworden. Ein sch\u00f6ner Anlass, um mit ihm bei sonnigen 35\u00b0 \u00a0in seinem Garten zu sitzen. <\/p>\n\n\n\n<p><strong>Ein Hamburg-Besuch zum achtzigsten<\/strong><\/p>\n\n\n\n<p>Daniel Dubbe ist geb\u00fcrtiger Hamburger. Seine Stadt ist ohnehin ein ideales Pflaster f\u00fcr Schreibende: vor Ort eine belesene Tradition, jede Art anregender Substanzen und eine wohlmeinende Literaturf\u00f6rderung. Zwar l\u00e4sst sich gerade Heinz Strunk mit seiner Kiez-Literatur als <em>der<\/em> Hamburger Autor vermarkten, w\u00e4hrend Dubbe in seinen B\u00fcchern  schon seit langem mit lokaler Gelassenheit und kreativer Philosophie unterh\u00e4lt. Strunk-Fans werden zwangsl\u00e4ufig zu Dubbe \u00fcberlaufen. Auch in seinem neuesten Buch bewegt sich Dubbe auf literarischen Spuren der Stadt. In <em><a rel=\"noreferrer noopener\" aria-label=\"Au\u00dferhalb (\u00f6ffnet in neuem Tab)\" href=\"https:\/\/www.guenther-emig.de\/index.php\/shop\/literaturwissenschaft\/dubbe,-daniel,-au%C3%9Ferhalb-detail\" target=\"_blank\">Au\u00dferhalb<\/a><\/em> zeichnet Dubbe ein pr\u00e4zises Bild seines seelenverwandten Schriftsteller-Kollegen Hans Erich Nossack. \u201eEr muss regelm\u00e4\u00dfig an meiner Wohnung vorbeigelaufen sein und war eher ein literarischer Au\u00dfenseiter. Das verbindet.\u201c Erz\u00e4hlt mir Daniel in seinem idyllischen Sommerg\u00e4rtchen. \u201eWir \u2013 Nossack und ich \u2013 passten gar nicht zusammen, \u00e4u\u00dferlich. Aber wenn ich in seinen Tageb\u00fcchern lese, h\u00e4tten wir doch zusammengepasst. Wir teilten weitgehend denselben literarischen Geschmack und hatten nicht selten dieselben Abneigungen und Bevorzugungen.\u201c &nbsp;Schreibt Dubbe in seiner Einleitung. Zusammen mit seiner Tochter Melina hat er eine Reihe sehens- und h\u00f6renswerter Videos zu <em>Au\u00dferhalb<\/em> gemacht.<\/p>\n\n\n\n<div class=\"wp-block-image\"><figure class=\"aligncenter size-large is-resized\"><img loading=\"lazy\" decoding=\"async\" src=\"https:\/\/trooboox.de\/wordpress\/wp-content\/uploads\/2022\/08\/L1030560-768x1024.jpg\" alt=\"\" class=\"wp-image-2395\" width=\"208\" height=\"278\" srcset=\"https:\/\/trooboox.de\/wordpress\/wp-content\/uploads\/2022\/08\/L1030560-768x1024.jpg 768w, https:\/\/trooboox.de\/wordpress\/wp-content\/uploads\/2022\/08\/L1030560-225x300.jpg 225w, https:\/\/trooboox.de\/wordpress\/wp-content\/uploads\/2022\/08\/L1030560-1152x1536.jpg 1152w, https:\/\/trooboox.de\/wordpress\/wp-content\/uploads\/2022\/08\/L1030560-1536x2048.jpg 1536w, https:\/\/trooboox.de\/wordpress\/wp-content\/uploads\/2022\/08\/L1030560-518x690.jpg 518w, https:\/\/trooboox.de\/wordpress\/wp-content\/uploads\/2022\/08\/L1030560-scaled.jpg 1920w\" sizes=\"auto, (max-width: 208px) 100vw, 208px\" \/><figcaption>Das aktuelle Buch<\/figcaption><\/figure><\/div>\n\n\n\n<p><strong>Der K\u00fcnstler-Roman <em>Bessere Tage<\/em><\/strong><\/p>\n\n\n\n<p>Dubbe schreibt vor allem K\u00fcnstler-Stories. \u00c4hnlich wie Henry Miller bieten reale Freunde aus den Bereichen Literatur, Musik, Film und Philosophie die Basis f\u00fcr Geschehnisse und Dialoge. Die Personen sind verschl\u00fcsselt, nicht alle sind gl\u00fccklich, zu Rohstoff des Autofiktionalen zu werden. \u201eK\u00fcnstler, die oft in der Luft ihrer Erfolgsaussichten h\u00e4ngen, machen nun mal Kunstst\u00fccke wie auf dem Trapez. Und ich bin ein Beobachter dieser Saltos.\u201c&nbsp; In seinem ersten Roman <em><a href=\"https:\/\/www.booklooker.de\/B%C3%BCcher\/Daniel-Dubbe+Bessere-Tage\/id\/A02Aavtf01ZZc\" target=\"_blank\" rel=\"noreferrer noopener\" aria-label=\"Bessere Tage (\u00f6ffnet in neuem Tab)\">Bessere Tage<\/a><\/em> f\u00fchrt Dubbe verschl\u00fcsselt diese Biographien zusammen. \u201eDaniel Dubbe ist immer noch ein Geheimtip,\u201c schreibt Martin Brinkmann \u00fcber das Buch. \u201eInsbesondere <em>Bessere Tage<\/em> \u2013 ein Roman \u00fcber einen Schriftsteller, der sich in der Hauptsache im Nichtstun \u00fcbt und am liebsten schon vormittags Gin-Tonic trinkend unterm Sonnenschirm auf der Terrasse sitzt \u2013 brachte einen erfrischenden Ton in die literarische Szene hierzulande.\u201c <\/p>\n\n\n\n<p><strong>Eine Backlist mit Entdeckungen<\/strong><\/p>\n\n\n\n<p>Dubbe hat eine veritable und verf\u00fcgbare Backlist: Im <a href=\"https:\/\/www.maroverlag.de\/22_dubbe\" target=\"_blank\" rel=\"noreferrer noopener\" aria-label=\"MaroVerlag (\u00f6ffnet in neuem Tab)\"><strong>MaroVerlag<\/strong><\/a> ist seine Hamburg-Tetralogie erh\u00e4ltlich <em>Der Salon-Faschist, Jungfernstieg, Underground<\/em> und <em>Zwischenlandung (Vom Reisen).<\/em> Gro\u00dfes Kompliment an Maro, dass die Backlist gerade mit den Hamburg-zentrierten Titeln gef\u00fcllt wird. Maros Lieblingszitat \u00fcber den Autor ist von Martin Willems: \u201eDie Prosa von Daniel Dubbe macht vollkommen gl\u00fccklich.\u201c<\/p>\n\n\n\n<p>Bei <a rel=\"noreferrer noopener\" aria-label=\"Edition Nautilus (\u00f6ffnet in neuem Tab)\" href=\"https:\/\/edition-nautilus.de\/autorinnen\/dubbe-daniel\/\" target=\"_blank\"><strong>Edition Nautilus<\/strong><\/a> erschienen die beiden RAF-Interview-B\u00fccher <em>Keine Angst vor niemand<\/em> (derzeit vergriffen) und <em>Wir kamen vom anderen Stern<\/em>, sowie der Kriminal- und Madagaskarroman <em>Tropenfieber<\/em>. Der Gelegenheitsdetektiv Richard C. Karter begibt sich auf die Suche nach dem geheimnisvollen Schriftsteller Sergej Limonov. Nautilus zitiert Peter Henning \u201e. . . das dunkel verschleierte Buch eines passionierten Seelenwanderers. . .\u201c <\/p>\n\n\n\n<figure class=\"wp-block-gallery columns-3 is-cropped wp-block-gallery-1 is-layout-flex wp-block-gallery-is-layout-flex\"><ul class=\"blocks-gallery-grid\"><li class=\"blocks-gallery-item\"><figure><img loading=\"lazy\" decoding=\"async\" width=\"768\" height=\"1024\" src=\"https:\/\/trooboox.de\/wordpress\/wp-content\/uploads\/2022\/08\/L1000089-1-768x1024.jpg\" alt=\"\" data-id=\"2391\" data-link=\"https:\/\/trooboox.de\/wordpress\/?attachment_id=2391\" class=\"wp-image-2391\" srcset=\"https:\/\/trooboox.de\/wordpress\/wp-content\/uploads\/2022\/08\/L1000089-1-768x1024.jpg 768w, https:\/\/trooboox.de\/wordpress\/wp-content\/uploads\/2022\/08\/L1000089-1-225x300.jpg 225w, https:\/\/trooboox.de\/wordpress\/wp-content\/uploads\/2022\/08\/L1000089-1-1152x1536.jpg 1152w, https:\/\/trooboox.de\/wordpress\/wp-content\/uploads\/2022\/08\/L1000089-1-1536x2048.jpg 1536w, https:\/\/trooboox.de\/wordpress\/wp-content\/uploads\/2022\/08\/L1000089-1-518x690.jpg 518w, https:\/\/trooboox.de\/wordpress\/wp-content\/uploads\/2022\/08\/L1000089-1-scaled.jpg 1920w\" sizes=\"auto, (max-width: 768px) 100vw, 768px\" \/><figcaption class=\"blocks-gallery-item__caption\"><a href=\"https:\/\/www.booklooker.de\/B%C3%BCcher\/Daniel-Dubbe+Wilde-M%C3%A4nner-wenig-Frauen\/id\/A02Aax0O01ZZw\" target=\"_blank\" rel=\"noreferrer noopener\" aria-label=\"Dubbes Durchbruch (\u00f6ffnet in neuem Tab)\">Dubbes Durchbruch<\/a><\/figcaption><\/figure><\/li><li class=\"blocks-gallery-item\"><figure><img loading=\"lazy\" decoding=\"async\" width=\"768\" height=\"1024\" src=\"https:\/\/trooboox.de\/wordpress\/wp-content\/uploads\/2022\/08\/L1030561-768x1024.jpg\" alt=\"\" data-id=\"2393\" data-link=\"https:\/\/trooboox.de\/wordpress\/?attachment_id=2393\" class=\"wp-image-2393\" srcset=\"https:\/\/trooboox.de\/wordpress\/wp-content\/uploads\/2022\/08\/L1030561-768x1024.jpg 768w, https:\/\/trooboox.de\/wordpress\/wp-content\/uploads\/2022\/08\/L1030561-225x300.jpg 225w, https:\/\/trooboox.de\/wordpress\/wp-content\/uploads\/2022\/08\/L1030561-1152x1536.jpg 1152w, https:\/\/trooboox.de\/wordpress\/wp-content\/uploads\/2022\/08\/L1030561-1536x2048.jpg 1536w, https:\/\/trooboox.de\/wordpress\/wp-content\/uploads\/2022\/08\/L1030561-518x690.jpg 518w, https:\/\/trooboox.de\/wordpress\/wp-content\/uploads\/2022\/08\/L1030561-scaled.jpg 1920w\" sizes=\"auto, (max-width: 768px) 100vw, 768px\" \/><figcaption class=\"blocks-gallery-item__caption\"><a href=\"https:\/\/www.booklooker.de\/B%C3%BCcher\/Daniel-Dubbe+Bessere-Tage\/id\/A02Aavtf01ZZc\" target=\"_blank\" rel=\"noreferrer noopener\" aria-label=\"Der erste Roman (\u00f6ffnet in neuem Tab)\">Der erste Roman<\/a><\/figcaption><\/figure><\/li><li class=\"blocks-gallery-item\"><figure><img loading=\"lazy\" decoding=\"async\" width=\"768\" height=\"1024\" src=\"https:\/\/trooboox.de\/wordpress\/wp-content\/uploads\/2022\/08\/L1030562-768x1024.jpg\" alt=\"\" data-id=\"2394\" data-full-url=\"https:\/\/trooboox.de\/wordpress\/wp-content\/uploads\/2022\/08\/L1030562-scaled.jpg\" data-link=\"https:\/\/trooboox.de\/wordpress\/?attachment_id=2394\" class=\"wp-image-2394\" srcset=\"https:\/\/trooboox.de\/wordpress\/wp-content\/uploads\/2022\/08\/L1030562-768x1024.jpg 768w, https:\/\/trooboox.de\/wordpress\/wp-content\/uploads\/2022\/08\/L1030562-225x300.jpg 225w, https:\/\/trooboox.de\/wordpress\/wp-content\/uploads\/2022\/08\/L1030562-1152x1536.jpg 1152w, https:\/\/trooboox.de\/wordpress\/wp-content\/uploads\/2022\/08\/L1030562-1536x2048.jpg 1536w, https:\/\/trooboox.de\/wordpress\/wp-content\/uploads\/2022\/08\/L1030562-518x690.jpg 518w, https:\/\/trooboox.de\/wordpress\/wp-content\/uploads\/2022\/08\/L1030562-scaled.jpg 1920w\" sizes=\"auto, (max-width: 768px) 100vw, 768px\" \/><figcaption class=\"blocks-gallery-item__caption\"><a href=\"https:\/\/www.booklooker.de\/B%C3%BCcher\/Daniel-Dubbe+Hart-auf-hart\/id\/A02Aavwn01ZZD\" target=\"_blank\" rel=\"noreferrer noopener\" aria-label=\"Seine besten Stories (\u00f6ffnet in neuem Tab)\">Seine besten Stories<\/a><\/figcaption><\/figure><\/li><\/ul><\/figure>\n\n\n\n<p>Bei <strong>Kurt Pohl<\/strong> (zuvor Pohl\u2019n\u2019Mayer) sind die Story-B\u00e4nde <em><a rel=\"noreferrer noopener\" aria-label=\"Wilde M\u00e4nner wenig Frauen (\u00f6ffnet in neuem Tab)\" href=\"https:\/\/www.booklooker.de\/B%C3%BCcher\/Daniel-Dubbe+Wilde-M%C3%A4nner-wenig-Frauen\/id\/A02Aax0O01ZZw\" target=\"_blank\">Wilde M\u00e4nner wenig Frauen<\/a><\/em>, <em><a rel=\"noreferrer noopener\" aria-label=\"Hart auf hart (\u00f6ffnet in neuem Tab)\" href=\"https:\/\/www.booklooker.de\/B%C3%BCcher\/Daniel-Dubbe+Hart-auf-hart\/id\/A02Aavwn01ZZD\" target=\"_blank\">Hart auf hart<\/a><\/em> und sein erster Roman <em><a rel=\"noreferrer noopener\" aria-label=\"Bessere Tage (\u00f6ffnet in neuem Tab)\" href=\"https:\/\/www.booklooker.de\/B%C3%BCcher\/Daniel-Dubbe+Bessere-Tage\/id\/A02Aavtf01ZZc\" target=\"_blank\">Bessere Tage<\/a><\/em> (zum Geburtstagspreis) erschienen. Auch zu diesem Buch gibt es eine kurze <a rel=\"noreferrer noopener\" aria-label=\"Video (\u00f6ffnet in neuem Tab)\" href=\"https:\/\/www.youtube.com\/watch?v=59qNo4sMavE\" target=\"_blank\">Video-Lesung<\/a>. Mein Lieblingszitat zu Daniel ist von Martin Brinkmann \u201eSeine Prosa trifft immer wieder genau auf den Punkt.\u201c Wer also Daniel Dubbe ein Geburtstagsgeschenk machen m\u00f6chte, kaufe sich seine B\u00fccher.<\/p>\n\n\n\n<p><strong>Und die Sache mit Reich-Ranicki?<\/strong><\/p>\n\n\n\n<p>Eine kleine Anekdote gibt er mir noch f\u00fcr die Heimfahrt nach Wien: eine angebotene pers\u00f6nliche Kontaktaufnahme mit Marcel Reich-Ranicki schlug er spontan aus. Das \u00e4rgert ihn ein wenig. Vielleicht w\u00e4re Dubbe damals zu MRR doch unangenehm geworden. Heute h\u00e4tte Reich-Ranicki sicher bewundert, dass Daniel Dubbe immer noch produktiv und pr\u00e4sent ist.<\/p>\n\n\n\n<div class=\"wp-block-image\"><figure class=\"aligncenter size-large is-resized\"><img loading=\"lazy\" decoding=\"async\" src=\"https:\/\/trooboox.de\/wordpress\/wp-content\/uploads\/2022\/08\/IMG_1215-1024x769.jpg\" alt=\"\" class=\"wp-image-2387\" width=\"399\" height=\"299\" srcset=\"https:\/\/trooboox.de\/wordpress\/wp-content\/uploads\/2022\/08\/IMG_1215-1024x768.jpg 1024w, https:\/\/trooboox.de\/wordpress\/wp-content\/uploads\/2022\/08\/IMG_1215-300x225.jpg 300w, https:\/\/trooboox.de\/wordpress\/wp-content\/uploads\/2022\/08\/IMG_1215-768x577.jpg 768w, https:\/\/trooboox.de\/wordpress\/wp-content\/uploads\/2022\/08\/IMG_1215-1536x1154.jpg 1536w, https:\/\/trooboox.de\/wordpress\/wp-content\/uploads\/2022\/08\/IMG_1215-2048x1539.jpg 2048w, https:\/\/trooboox.de\/wordpress\/wp-content\/uploads\/2022\/08\/IMG_1215-918x690.jpg 918w, https:\/\/trooboox.de\/wordpress\/wp-content\/uploads\/2022\/08\/IMG_1215-790x593.jpg 790w\" sizes=\"auto, (max-width: 399px) 100vw, 399px\" \/><figcaption>Im Philosophen-Garten<\/figcaption><\/figure><\/div>\n\n\n\n<p><strong>Rarely asked Questions\n[RAQs] an Daniel Dubbe:<\/strong><\/p>\n\n\n\n<ul class=\"wp-block-list\"><li>Vor knapp drei\u00dfig Jahren hast du dich als Zwanzigj\u00e4hrigen beschrieben:&nbsp;&#8222;Ich war nichts, hatte nichts und stellte nichts vor. Trotzdem war ich zuversichtlich und guter Dinge.&#8220;&nbsp;Wie sind die Dinge f\u00fcr dich gelaufen gelaufen? Wurde die Zuversicht belohnt?<\/li><\/ul>\n\n\n\n<p><strong>Ja, die Dinge sind gut gelaufen. Sehr gut\nsogar. Der Rest ist Schweigen. Es sei denn man redet davon. .&nbsp;.<\/strong><\/p>\n\n\n\n<ul class=\"wp-block-list\"><li>In deinem ersten Roman\u00a0<em><a rel=\"noreferrer noopener\" aria-label=\"Bessere Tage (\u00f6ffnet in neuem Tab)\" href=\"https:\/\/www.booklooker.de\/B%C3%BCcher\/Daniel-Dubbe+Bessere-Tage\/id\/A02Aavtf01ZZc\" target=\"_blank\">Bessere Tage<\/a><\/em>, 1995 erschienen, stemmt sich der Protagonist gegen sein umgebendes Gef\u00fchls- und Personalchaos. Das Buch ist ein K\u00fcnstlerroman, aber auch Beziehungs- und Wendegeschichte? Wie siehst du das Buch heute?<\/li><\/ul>\n\n\n\n<p><strong>Nun, es ist sehr gut geschrieben, deshalb h\u00e4lt es ja auch heute noch stand oder \u00fcbermorgen. Dem &#8222;Gef\u00fchlschaos&#8220; begegnet unser Protagonist mit Gelassenheit. Das ist halt sein Stil. Er ist eben &#8222;Philosoph&#8220;. Der Roman spielt aber in der k\u00fcnstlerischen Boheme der 1970er und 1980er. Inhaltlich d\u00fcrfte es f\u00fcr manche too much sein &#8211; in der Art wie Wondratschek \u00fcber Brinkmann schrieb: Er war too much f\u00fcr euch. Mich pers\u00f6nlich st\u00f6rt heute nur&nbsp;die Seite &#8222;Jugendbuch&#8220; ein wenig, die auch vorkommt. L\u00e4sst sich leider nicht vermeiden. Bernd Cailloux (Suhrkamp Autor) f\u00fchlte sich von mir ausgebeutet. Das stimmt. Er hat recht. Ich wandelte damals aber auf den Spuren Henry Millers. Das hei\u00dft: Man darf, ja man muss alles sagen.&nbsp;<\/strong><\/p>\n\n\n\n<ul class=\"wp-block-list\"><li>Der Erz\u00e4hlton des gehypten Heinz Strunk ist \u00e4hnlich schnodderig, allerdings v\u00f6llig unhamburgerisch mit einem Hang zu Pickeln und K\u00f6rperfl\u00fcssigkeiten. Wie siehst du ihn als Kollegen? W\u00e4re er ein Kandidat f\u00fcr euer Magazin Boa Vista gewesen?<\/li><\/ul>\n\n\n\n<p><strong>&#8222;Fleisch ist mein Gem\u00fcse&#8220; habe\nich nach Erscheinen gelesen. Der Tipp kam von dem M\u00fcnchener Literaturagenten\nMartin Brinkmann. Ich muss leider sagen, dass das Buch mir \u00fcberhaupt nicht\ngefallen hat. Selbstverst\u00e4ndlich w\u00e4re Strunk ein Kandidat f\u00fcr Boa Vista\ngewesen. Die Zeitschrift war ja offen f\u00fcr alle, die K\u00fcnstler waren oder es sein\nwollten. \u00dcbrigens werde ich Strunks &#8222;Ferien in Niendorf&#8220; wohl\nkaufen&#8230; &nbsp;<\/strong><\/p>\n\n\n\n<ul class=\"wp-block-list\"><li>Wenn wir schon dabei sind: Du hast regelm\u00e4\u00dfig \u00fcber Marotten und Gef\u00fchlslagen deiner K\u00fcnstlerfreunde in Hamburg geschrieben. Wo sind die Denkm\u00e4ler f\u00fcr deine Feinde?<\/li><\/ul>\n\n\n\n<p><strong>Ich hab ja eigentlich keine pers\u00f6nlichen\nFeinde. Der Feind ist der sog. (klein-) b\u00fcrgerliche Kulturbetrieb. Innerhalb\ndavon gibt es Leute, die okay sind, aber im Ganzen gesehen ist dieser Bereich\nschwer korrumpiert &#8211; um Nossack zu zitieren: &#8222;durch konformistische\nGedankent\u00e4tigkeit einzelner Menschen.&#8220;&nbsp;<\/strong><\/p>\n\n\n\n<ul class=\"wp-block-list\"><li>Dein neuestes Buch\u00a0<em>Au\u00dferhalb<\/em>\u00a0zeichnet das kaum bekannte Leben und Werk von Hans Erich Nossack. Wieder so eine Perle, die der oft \u00fcberforderte Buchhandel und die lustlose Kritik kaum aus ihrer Muschel befreien. Trotz dreier verlegter B\u00fccher ist es KaHa Mayer und mir nicht gelungen, dir als Teilzeitverleger eine Rampe zu einem Publikumsverlag zu bauen. Was ist blo\u00df los mit unserem Literaturbetrieb?\u00a0<\/li><\/ul>\n\n\n\n<p><strong>Der Literaturbetrieb will Geld machen. Hartmuth Malorny dr\u00fcckte es einmal so aus: \u00a0\u201eGibt es eigentlich <em>eine<\/em> sauschlechte Kritik \u00fcber eines deiner B\u00fccher? Nein? Eben. Deswegen liegt es NUR an der mangelnden Werbung. Das ist mein Reden. Gib mir eine Million Euro, und ich mach aus dir das Zehnfache! Ich glaube nicht, dass etwas anderes dahintersteckt. Ich bin durchaus in der Lage eine objektive Meinung \u00fcber deinen Schreibstil zu haben.\u201c<\/strong><\/p>\n\n\n\n<p class=\"has-text-align-center\"><strong>(c) Dubbe-Foto von J\u00fcrgen Vollmer<\/strong>. Vielen Dank!<\/p>\n\n\n\n<div class=\"wp-block-image\"><figure class=\"aligncenter size-large is-resized\"><img loading=\"lazy\" decoding=\"async\" src=\"https:\/\/trooboox.de\/wordpress\/wp-content\/uploads\/2020\/04\/hacks-dog-2-300x300-1.jpg\" alt=\"\" class=\"wp-image-1620\" width=\"119\" height=\"119\" srcset=\"https:\/\/trooboox.de\/wordpress\/wp-content\/uploads\/2020\/04\/hacks-dog-2-300x300-1.jpg 300w, https:\/\/trooboox.de\/wordpress\/wp-content\/uploads\/2020\/04\/hacks-dog-2-300x300-1-150x150.jpg 150w, https:\/\/trooboox.de\/wordpress\/wp-content\/uploads\/2020\/04\/hacks-dog-2-300x300-1-45x45.jpg 45w\" sizes=\"auto, (max-width: 119px) 100vw, 119px\" \/><figcaption> (c) Kurt Pohl, 2022<\/figcaption><\/figure><\/div>\n","protected":false},"excerpt":{"rendered":"<p>Meine Erfahrungen mit Autoren Die Autoren, mit denen ich als (Mit-)Verleger arbeiten durfte waren sehr unterschiedlich: Hinterberger war meist misstrauisch, der Wiener Br\u00f6dl&hellip;<\/p>\n","protected":false},"author":2,"featured_media":2405,"comment_status":"open","ping_status":"open","sticky":false,"template":"","format":"standard","meta":{"_monsterinsights_skip_tracking":false,"_monsterinsights_sitenote_active":false,"_monsterinsights_sitenote_note":"","_monsterinsights_sitenote_category":0,"footnotes":""},"categories":[157],"tags":[377,381,376,378,389,379,382,380,163,390,199,388,31,198,386,387,385],"class_list":["post-2383","post","type-post","status-publish","format-standard","has-post-thumbnail","hentry","category-fiction","tag-achtzigster-geburtstag","tag-bessere-tage","tag-daniel-dubbe","tag-edition-nautilus","tag-guenter-broedl","tag-hans-erich-nossack","tag-hart-auf-hart","tag-heinz-strunk","tag-john-fante","tag-kiev-stingl","tag-maroverlag","tag-norbert-hinterberger","tag-startseite","tag-verlag-kurt-pohl","tag-walter-hartmann","tag-walter-thielsch","tag-wilde-maenner-wenig-frauen"],"_links":{"self":[{"href":"https:\/\/trooboox.de\/wordpress\/wp-json\/wp\/v2\/posts\/2383","targetHints":{"allow":["GET"]}}],"collection":[{"href":"https:\/\/trooboox.de\/wordpress\/wp-json\/wp\/v2\/posts"}],"about":[{"href":"https:\/\/trooboox.de\/wordpress\/wp-json\/wp\/v2\/types\/post"}],"author":[{"embeddable":true,"href":"https:\/\/trooboox.de\/wordpress\/wp-json\/wp\/v2\/users\/2"}],"replies":[{"embeddable":true,"href":"https:\/\/trooboox.de\/wordpress\/wp-json\/wp\/v2\/comments?post=2383"}],"version-history":[{"count":19,"href":"https:\/\/trooboox.de\/wordpress\/wp-json\/wp\/v2\/posts\/2383\/revisions"}],"predecessor-version":[{"id":2412,"href":"https:\/\/trooboox.de\/wordpress\/wp-json\/wp\/v2\/posts\/2383\/revisions\/2412"}],"wp:featuredmedia":[{"embeddable":true,"href":"https:\/\/trooboox.de\/wordpress\/wp-json\/wp\/v2\/media\/2405"}],"wp:attachment":[{"href":"https:\/\/trooboox.de\/wordpress\/wp-json\/wp\/v2\/media?parent=2383"}],"wp:term":[{"taxonomy":"category","embeddable":true,"href":"https:\/\/trooboox.de\/wordpress\/wp-json\/wp\/v2\/categories?post=2383"},{"taxonomy":"post_tag","embeddable":true,"href":"https:\/\/trooboox.de\/wordpress\/wp-json\/wp\/v2\/tags?post=2383"}],"curies":[{"name":"wp","href":"https:\/\/api.w.org\/{rel}","templated":true}]}}