{"id":2445,"date":"2023-03-11T16:41:36","date_gmt":"2023-03-11T15:41:36","guid":{"rendered":"https:\/\/trooboox.de\/wordpress\/?p=2445"},"modified":"2023-03-20T10:35:05","modified_gmt":"2023-03-20T09:35:05","slug":"geschichten-die-das-leben-zeichnet-2","status":"publish","type":"post","link":"https:\/\/trooboox.de\/wordpress\/geschichten-die-das-leben-zeichnet-2\/","title":{"rendered":"Die besten Geschichten zeichnet das Leben."},"content":{"rendered":"\n<p>Zwei Graphic Books haben mich gut durch die kalten Wochen begleitet. Die Graphic Buddies vom Verlag  Reprodukt haben ein Supergesp\u00fcr f\u00fcr Stoffe und Zeichner*innen. Jetzt sind es <em>Die Entdeckung der Currywurst<\/em> und <em>Der Mann im Pyjama<\/em>, mit denen uns Reprodukt beeindruckt.<\/p>\n\n\n\n<p><strong>Die Wohnung als Festung, der Pyjama als R\u00fcstung<\/strong><\/p>\n\n\n\n<p>Paco Rocas Lieblingsbesch\u00e4ftigung ist Wohnen. Noch lieber ist ihm Wohnen <em>samt<\/em> Pyjama tragen. Ganz so, als h\u00e4tte er Pandemie, lock downs und home office schon vorweg genommen. Festung und R\u00fcstung sind allerdings sehr durchl\u00e4ssig, denn Roca ist ein exzellenter und konsequenter Beobachter: von sich selbst und von Menschen seiner Umgebung. Gehen wir einfach davon aus, dass <em>Der Mann im Pyjama<\/em> zu 90% autobiografisch ist. Selbst erlebt oder von guten Freunden\/Freundinnen erz\u00e4hlt. Ihn besch\u00e4ftigen die typischen Themen, wenn man in der Mitte seiner pers\u00f6nlichen Entwicklung steht. In der Mitte von Partnerschaft, von Familie, Beruf, Karriere, Freunden, Erwartungen und Niederlagen.<\/p>\n\n\n\n<figure class=\"wp-block-gallery aligncenter has-nested-images columns-default is-cropped wp-block-gallery-1 is-layout-flex wp-block-gallery-is-layout-flex\">\n<figure class=\"wp-block-image size-large\"><img loading=\"lazy\" decoding=\"async\" width=\"768\" height=\"1024\" data-id=\"2561\" src=\"https:\/\/trooboox.de\/wordpress\/wp-content\/uploads\/2023\/03\/IMG_2773-768x1024.jpg\" alt=\"\" class=\"wp-image-2561\" srcset=\"https:\/\/trooboox.de\/wordpress\/wp-content\/uploads\/2023\/03\/IMG_2773-768x1024.jpg 768w, https:\/\/trooboox.de\/wordpress\/wp-content\/uploads\/2023\/03\/IMG_2773-225x300.jpg 225w, https:\/\/trooboox.de\/wordpress\/wp-content\/uploads\/2023\/03\/IMG_2773-1152x1536.jpg 1152w, https:\/\/trooboox.de\/wordpress\/wp-content\/uploads\/2023\/03\/IMG_2773-1536x2048.jpg 1536w, https:\/\/trooboox.de\/wordpress\/wp-content\/uploads\/2023\/03\/IMG_2773-518x690.jpg 518w, https:\/\/trooboox.de\/wordpress\/wp-content\/uploads\/2023\/03\/IMG_2773-scaled.jpg 1920w\" sizes=\"auto, (max-width: 768px) 100vw, 768px\" \/><\/figure>\n\n\n\n<figure class=\"wp-block-image size-large\"><img loading=\"lazy\" decoding=\"async\" width=\"768\" height=\"1024\" data-id=\"2560\" src=\"https:\/\/trooboox.de\/wordpress\/wp-content\/uploads\/2023\/03\/IMG_2768-768x1024.jpg\" alt=\"\" class=\"wp-image-2560\" srcset=\"https:\/\/trooboox.de\/wordpress\/wp-content\/uploads\/2023\/03\/IMG_2768-768x1024.jpg 768w, https:\/\/trooboox.de\/wordpress\/wp-content\/uploads\/2023\/03\/IMG_2768-225x300.jpg 225w, https:\/\/trooboox.de\/wordpress\/wp-content\/uploads\/2023\/03\/IMG_2768-1152x1536.jpg 1152w, https:\/\/trooboox.de\/wordpress\/wp-content\/uploads\/2023\/03\/IMG_2768-1536x2048.jpg 1536w, https:\/\/trooboox.de\/wordpress\/wp-content\/uploads\/2023\/03\/IMG_2768-518x690.jpg 518w, https:\/\/trooboox.de\/wordpress\/wp-content\/uploads\/2023\/03\/IMG_2768-scaled.jpg 1920w\" sizes=\"auto, (max-width: 768px) 100vw, 768px\" \/><\/figure>\n<\/figure>\n\n\n\n<p><strong>Zeichner einer neuen Generation<\/strong><\/p>\n\n\n\n<p>Rocas am\u00fcsante Pyjama-strips erschienen zuerst in der Tageszeitung <em>Las Provincias<\/em> in Valencia. Zu einem der Stars der europ\u00e4ischen Zeichner-Szene wurde er allerdings mit seinen preisgekr\u00f6nten Graphic Novels zu gesellschaftlichen Themen wie Demenz (dt. <em>Kopf in den Wolken<\/em>, verfilmt) oder seiner in der Franco-\u00c4ra spielenden Familiengeschichte (<em>R\u00fcckkehr nach Eden<\/em>, siehe meinen <a rel=\"noreferrer noopener\" href=\"https:\/\/trooboox.de\/wordpress\/mein-tipp-fuer-den-sommerurlaub-ein-ausflug-ins-paradies\/\" target=\"_blank\">post<\/a>). Seinen Zeichenstil modifiziert Roca je nach story, sein Gef\u00fchl f\u00fcr eine gute Geschichte bleibt konstant.<\/p>\n\n\n\n<p><strong>Scheitern mit Humor und W\u00fcrde<\/strong><\/p>\n\n\n\n<p><em>Der Mann im Pyjama<\/em> ist ein W\u00e4lzer mit allen Arten von Humor. Je nach Lebensfrage w\u00fcrzt Roca seine Comic-Shots mit Ironie, Zynismus, Tragikomik, Sarkasmus oder kleinen Br\u00fcllern. Und uns geht es wie Paco Roca: entweder haben wir dieses Scheitern selbst schon erlebt, oder wir kennen jemanden, dem es auch so ergangen ist. Meist sind es Beobachtungen zu w\u00fcrdevollem Scheitern \u2013 Donald Duck hat das nicht so gelassen hinbekommen. Vielleicht haben wir ja selbst einen Freund im Pyjama. Das Buch ist wie geschaffen, um sp\u00e4t abends mit oder ohne Pyjama wegzudriften.<\/p>\n\n\n\n<p><strong>Paco Roca, <a href=\"https:\/\/reprodukt.com\/products\/der-mann-im-pyjama?_pos=1&amp;_sid=f2acbf21e&amp;_ss=r\" target=\"_blank\" rel=\"noreferrer noopener\">Der Mann im Pyjama<\/a>, Reprodukt | \u20ac 35 in deiner Lieblingsbuchhandlung<\/strong><\/p>\n\n\n\n<p><strong>Anderes Thema: Liebe oder Verzweiflung?<\/strong><\/p>\n\n\n\n<p>Bereits Ende der neunziger Jahre hat die Illustratorin Isabel Keitz Uwe Timms anr\u00fchrenden Roman <em>Die Entdeckung der Currywurst<\/em> als stimmige Graphic Novel umgesetzt. Der Berliner Verlag Reprodukt hat die Novel wieder aufgelegt, denn der Stoff ist unver\u00e4ndert packend. Dabei f\u00e4ngt die Illustratorin Keitz (Jahrgang 1967) die hin und her gerissene Hamburger Nachkriegsstimmung mit holzschnittartigen, fast grobschl\u00e4chtig theatralischen Gesichtern und Szenen ein. Keitz komprimiert diesen aus einem Mix aus Zeitgeschehen und Fiktion entstandenen Roman von Uwe Timm, ihre Bilder schaffen daf\u00fcr eine neue und dichte Nacherz\u00e4hlung.<\/p>\n\n\n<div class=\"wp-block-image\">\n<figure class=\"aligncenter size-large\"><img loading=\"lazy\" decoding=\"async\" width=\"1024\" height=\"768\" src=\"https:\/\/trooboox.de\/wordpress\/wp-content\/uploads\/2023\/03\/IMG_2763-1024x768.jpg\" alt=\"\" class=\"wp-image-2564\" srcset=\"https:\/\/trooboox.de\/wordpress\/wp-content\/uploads\/2023\/03\/IMG_2763-1024x768.jpg 1024w, https:\/\/trooboox.de\/wordpress\/wp-content\/uploads\/2023\/03\/IMG_2763-300x225.jpg 300w, https:\/\/trooboox.de\/wordpress\/wp-content\/uploads\/2023\/03\/IMG_2763-768x576.jpg 768w, https:\/\/trooboox.de\/wordpress\/wp-content\/uploads\/2023\/03\/IMG_2763-1536x1152.jpg 1536w, https:\/\/trooboox.de\/wordpress\/wp-content\/uploads\/2023\/03\/IMG_2763-2048x1536.jpg 2048w, https:\/\/trooboox.de\/wordpress\/wp-content\/uploads\/2023\/03\/IMG_2763-920x690.jpg 920w, https:\/\/trooboox.de\/wordpress\/wp-content\/uploads\/2023\/03\/IMG_2763-790x593.jpg 790w\" sizes=\"auto, (max-width: 1024px) 100vw, 1024px\" \/><\/figure>\n<\/div>\n\n\n<p><strong>Wirtschaftswunder-Wurst<\/strong><\/p>\n\n\n\n<p>Der Zufall eines Bombenalarms f\u00fchrt den Marinesoldaten Bremer statt zu seiner neuen Einheit und in den sicheren Tod unter die w\u00e4rmende Decke der \u00e4lteren Lena Br\u00fcckner. Und wird \u00fcber Nacht zum Fahnenfl\u00fcchtling, denn Lena versteckt ihn in ihrer Wohnung \u2013 nicht ohne Eigeninteresse, denn ihr Mann ist irgendwo an einer sicheren Front mit Zweitfamilie. Es sind die letzten, dramatischen Tage im April 1945, kurz vor Kapitulation und Kriegsende. In einem Schwebezustand zwischen Erleichterung und Resignation, Hoffnung und Unsicherheit, was jetzt kommt. Lena h\u00e4lt die Meldung der Kapitulation zur\u00fcck, Bremer muss noch in seinem \u201cVerlie\u00df\u201d bleiben, bis die Wahrheit nicht weiter zu verschleiern ist und er die Flucht ergreift \u2013 \u00fcberraschenderweise auch er zu Frau und Kind. Ein weiterer Kriegszufall will es, dass die Hamburgerin Lena die Currywurst entdeckt, die am Hamburger Grossneumarkt f\u00fcr Jahrzehnte ihr Einkommen sichern wird.&nbsp; F\u00fcr Berliner eine wagemutige These. Diese und andere Geschichten aus Lenas Leben erf\u00e4hrt der Ich-Erz\u00e4hler aus Timms Roman, wenn er \u2013 inzwischen aus M\u00fcnchen anreisend \u2013 an den Ort seiner Kindheit zur\u00fcckkehrt und Lena Br\u00fccker im Altersheim bei Kaffee und Kuchen zuh\u00f6rt.<\/p>\n\n\n\n<p><strong>Eine fl\u00fcchtende Liebe<\/strong><\/p>\n\n\n\n<p>Isabel Keitz hat bereits Kinderb\u00fccher von Erich K\u00e4stner erfolgreich als Comic adaptiert und damit ein Gef\u00fchl f\u00fcr Klassiker. Die <em>Entdeckung der Currywurst<\/em> hat sowohl als Roman als auch gezeichnet etwas von einem Klassiker einer deutschen Melancholie. &nbsp;<\/p>\n\n\n\n<p><strong>Isabel Kreitz, Uwe Timm, <a rel=\"noreferrer noopener\" href=\"https:\/\/reprodukt.com\/products\/die-entdeckung-der-currywurst\" target=\"_blank\">Die Entdeckung der Currywurst<\/a>, Reprodukt | \u20ac 18 in deiner Lieblingsbuchhandlung<\/strong><\/p>\n\n\n<div class=\"wp-block-image\">\n<figure class=\"aligncenter size-full is-resized\"><img loading=\"lazy\" decoding=\"async\" src=\"https:\/\/trooboox.de\/wordpress\/wp-content\/uploads\/2018\/01\/hacks-dog-2-e1521995622905.jpg\" alt=\"\" class=\"wp-image-90\" width=\"108\" height=\"108\"\/><figcaption class=\"wp-element-caption\">(c) 2023, Kurt Pohl<\/figcaption><\/figure>\n<\/div>\n\n\n<p> <\/p>\n","protected":false},"excerpt":{"rendered":"<p>Zwei Graphic Books haben mich gut durch die kalten Wochen begleitet. Die Graphic Buddies vom Verlag Reprodukt haben ein Supergesp\u00fcr f\u00fcr Stoffe und&hellip;<\/p>\n","protected":false},"author":2,"featured_media":2509,"comment_status":"open","ping_status":"open","sticky":false,"template":"","format":"standard","meta":{"_monsterinsights_skip_tracking":false,"_monsterinsights_sitenote_active":false,"_monsterinsights_sitenote_note":"","_monsterinsights_sitenote_category":0,"footnotes":""},"categories":[19],"tags":[413,410,409,412,406,408,31,407,411],"class_list":["post-2445","post","type-post","status-publish","format-standard","has-post-thumbnail","hentry","category-graphic-novel","tag-2-weltkrieg","tag-comic-strips","tag-currywurst","tag-isabel-kreitz","tag-paco-roca","tag-reprodukt","tag-startseite","tag-uwe-timm","tag-valencia"],"_links":{"self":[{"href":"https:\/\/trooboox.de\/wordpress\/wp-json\/wp\/v2\/posts\/2445","targetHints":{"allow":["GET"]}}],"collection":[{"href":"https:\/\/trooboox.de\/wordpress\/wp-json\/wp\/v2\/posts"}],"about":[{"href":"https:\/\/trooboox.de\/wordpress\/wp-json\/wp\/v2\/types\/post"}],"author":[{"embeddable":true,"href":"https:\/\/trooboox.de\/wordpress\/wp-json\/wp\/v2\/users\/2"}],"replies":[{"embeddable":true,"href":"https:\/\/trooboox.de\/wordpress\/wp-json\/wp\/v2\/comments?post=2445"}],"version-history":[{"count":16,"href":"https:\/\/trooboox.de\/wordpress\/wp-json\/wp\/v2\/posts\/2445\/revisions"}],"predecessor-version":[{"id":2575,"href":"https:\/\/trooboox.de\/wordpress\/wp-json\/wp\/v2\/posts\/2445\/revisions\/2575"}],"wp:featuredmedia":[{"embeddable":true,"href":"https:\/\/trooboox.de\/wordpress\/wp-json\/wp\/v2\/media\/2509"}],"wp:attachment":[{"href":"https:\/\/trooboox.de\/wordpress\/wp-json\/wp\/v2\/media?parent=2445"}],"wp:term":[{"taxonomy":"category","embeddable":true,"href":"https:\/\/trooboox.de\/wordpress\/wp-json\/wp\/v2\/categories?post=2445"},{"taxonomy":"post_tag","embeddable":true,"href":"https:\/\/trooboox.de\/wordpress\/wp-json\/wp\/v2\/tags?post=2445"}],"curies":[{"name":"wp","href":"https:\/\/api.w.org\/{rel}","templated":true}]}}