{"id":2469,"date":"2023-01-15T17:18:00","date_gmt":"2023-01-15T16:18:00","guid":{"rendered":"https:\/\/trooboox.de\/wordpress\/?p=2469"},"modified":"2023-01-17T09:54:22","modified_gmt":"2023-01-17T08:54:22","slug":"reisetagebuch-die-wichtigsten-buchmessen-2023","status":"publish","type":"post","link":"https:\/\/trooboox.de\/wordpress\/reisetagebuch-die-wichtigsten-buchmessen-2023\/","title":{"rendered":"Reisetagebuch: die wichtigsten Buchmessen 2023"},"content":{"rendered":"\n<p>Mein noch leerer Kalender freut sich: eine Reihe spannender Veranstaltung stehen vor uns. Ich trage meine geplanten Buchmessen-Termine ein. Erst dann kommen Geburtstage und Urlaube.<\/p>\n\n\n\n<p><strong>Fr\u00fchling\nin Florenz<\/strong><\/p>\n\n\n\n<p>Das Datum 24. bis 26. Februar ist reserviert: <em><a rel=\"noreferrer noopener\" aria-label=\"Testo (\u00f6ffnet in neuem Tab)\" href=\"https:\/\/testo.pittimmagine.com\/\" target=\"_blank\">testo<\/a><\/em>, der Shooting Star der Messeinnovationen findet zum zweiten Mal in Florenz statt. Unter dem Motto \u201eCome si diventa un libro\u201c (Wie ein Buch entsteht\/ vom Lesestoff zum Buch) wirft die Veranstaltung einen ganzheitlichen Blick auf das Buch \u2013 ohne Promiauflauf und Wichtigtuerei. Sieben Stationen zeigen den Weg von Stoff und Inhalt \u00fcber die \u00dcbersetzung und Gestaltung in den Print- und Vertriebsprozess bis hin zum K\u00e4ufer und Leser. Beeindruckend, dass vor allem dem Leser viel Platz gewidmet wird. Andere Events feiern eher sich selbst.&nbsp; Die Frankfurter Buchmesse hat sich von der testo schon mal abgeschaut, des Zeitfenster f\u00fcr den Direktverkauf an Besucher zu erweitern. Die Zugverbindungen von M\u00fcnchen und Wien aus sind gut, der Fr\u00fchling in Florenz erwartet mich.<\/p>\n\n\n\n<div class=\"wp-block-image\"><figure class=\"aligncenter size-large is-resized\"><img loading=\"lazy\" decoding=\"async\" src=\"https:\/\/trooboox.de\/wordpress\/wp-content\/uploads\/2023\/01\/Testo_2022___57-1024x683.jpg\" alt=\"\" class=\"wp-image-2474\" width=\"436\" height=\"290\" srcset=\"https:\/\/trooboox.de\/wordpress\/wp-content\/uploads\/2023\/01\/Testo_2022___57-1024x683.jpg 1024w, https:\/\/trooboox.de\/wordpress\/wp-content\/uploads\/2023\/01\/Testo_2022___57-300x200.jpg 300w, https:\/\/trooboox.de\/wordpress\/wp-content\/uploads\/2023\/01\/Testo_2022___57-768x512.jpg 768w, https:\/\/trooboox.de\/wordpress\/wp-content\/uploads\/2023\/01\/Testo_2022___57-1536x1025.jpg 1536w, https:\/\/trooboox.de\/wordpress\/wp-content\/uploads\/2023\/01\/Testo_2022___57-2048x1366.jpg 2048w, https:\/\/trooboox.de\/wordpress\/wp-content\/uploads\/2023\/01\/Testo_2022___57-1034x690.jpg 1034w\" sizes=\"auto, (max-width: 436px) 100vw, 436px\" \/><figcaption>testo 2022<\/figcaption><\/figure><\/div>\n\n\n\n<p><strong>\u00d6sterreich\nliegt in Leipzig<\/strong><\/p>\n\n\n\n<p>Ich war noch nie auf der <em><a rel=\"noreferrer noopener\" aria-label=\"Leipziger Buchmesse (\u00f6ffnet in neuem Tab)\" href=\"https:\/\/www.buchwien.at\" target=\"_blank\">Leipziger Buchmesse<\/a><\/em>. Und ich wei\u00df noch nicht, ob ich 2023 die Premiere schaffe. Vom 27. bis 30. April positioniert sich Leipzig als gro\u00dfes Literatur- und Mangafest. Das Interesse f\u00fcr meinen Blog liegt im Entdecken von pr\u00e4chtigen B\u00fccher aus Kunst, Kultur, Lifestyle, Architektur und Reisen \u2013 vulgo Coffeetable Books. Daf\u00fcr wirbt Leipzig als gr\u00f6\u00dftes Lesefest Europas mit 500 Lesest\u00e4tten. Mit dem lokalpoetischen Motto \u201emea ois wia mia\u201c ist \u00d6sterreich Gastland der Messe. HC Artmann wird vor Schreck in seinem Wiener Ehrengrab Pogo tanzen, klingt das Motto doch wie der FC Bayern Claim \u201emia san mia\u201c. Ein literarischer podcast bietet bis M\u00e4rz informative Plaudereien mit wichtigen Autor*innen. Leider nicht so nachhaltig wie versprochen. Daf\u00fcr gibt es von Wien aus eine sehr sch\u00f6ne Anreise mit der Eisenbahn \u00fcber Prag und Dresden und entlang der Moldau. <\/p>\n\n\n\n<p><strong>Traumastadt\nFrankfurt<\/strong><\/p>\n\n\n\n<p>Apropos Geburtstag: Tja, und da ist wieder Zwischen 18. und 22.Oktober feiert die <em><a rel=\"noreferrer noopener\" aria-label=\"Frankfurter Buchmesse (\u00f6ffnet in neuem Tab)\" href=\"https:\/\/www.buchmesse.de\" target=\"_blank\">Frankfurter Buchmesse<\/a><\/em> ihr 75j\u00e4hriges Bestehen. Ausgabe. Ich habe mein Trauma von der Corona-Sonderausgabe 2021 noch nicht ganz \u00fcberwunden, zu gro\u00df war die Mut- und Ideenlosigkeit der deutschsprachigen Verlage! Und das in einer Phase, in der sehr viel gelesen wurde. Aber schauen wir nach vorne: Frankfurt hat sich f\u00fcr 2023 viel vorgenommen: 75. Geburtstag (Sekt f\u00fcr alle?), verbesserte Ganzjahres-Angebote auf der digitalen Plattform, und mit Slowenien gibt es ein interessantes Gastland f\u00fcr den zweiten Blick. Die fbm &nbsp;ist sicher die Leitmesse ums Buch und tr\u00e4gt daher auch \u201edas Gewicht der (Buch) Welt\u201c von Weltpolitik, Religionen, Buch\u00f6konomie, Rekorde der Rechteverwertung, Internationalit\u00e4t, Medienevent, Weltmesse \u2013 ein schwer navigierbares Kreuzfahrtschiff, bei dem die besuchenden Leser mitunter in der Holzklasse reisen. Das Frankfurter Business-Event sollte wieder pers\u00f6nlicher werden! Die Buchmesse hat gro\u00dfen Nachholbedarf beim Wohlf\u00fchlfaktor \u2013 au\u00dfer vielleicht bei Verlagsmitarbeiterinnen. Da passt die Stimmung.<\/p>\n\n\n\n<div class=\"wp-block-image\"><figure class=\"aligncenter size-large is-resized\"><img loading=\"lazy\" decoding=\"async\" src=\"https:\/\/trooboox.de\/wordpress\/wp-content\/uploads\/2023\/01\/IMG_9879.jpg\" alt=\"\" class=\"wp-image-2473\" width=\"213\" height=\"160\" srcset=\"https:\/\/trooboox.de\/wordpress\/wp-content\/uploads\/2023\/01\/IMG_9879.jpg 448w, https:\/\/trooboox.de\/wordpress\/wp-content\/uploads\/2023\/01\/IMG_9879-300x225.jpg 300w\" sizes=\"auto, (max-width: 213px) 100vw, 213px\" \/><figcaption>Karin Schmidt-Friderichs Rumpfmesse 2021<\/figcaption><\/figure><\/div>\n\n\n\n<p><strong>Wien\nplaudert<\/strong><\/p>\n\n\n\n<p>Ein netter Jahresabschluss ist die <em><a rel=\"noreferrer noopener\" aria-label=\"BUCH WIEN  (\u00f6ffnet in neuem Tab)\" href=\"http:\/\/www.buchwien.at\" target=\"_blank\">BUCH WIEN <\/a><\/em>8. bis 12.November, ebenfalls mehr entspanntes und am\u00fcsantes Lese- und Plauderevent als B\u00f6rsenplatz. Die <em>BUCH WIEN<\/em> setzt auf freundliche und am\u00fcsante B\u00fccherinterviews durch prominente Journalisten und Medien. Es ist sogar Platz f\u00fcr einen erfolgreichen, internationalen Poetry Slam. Dorthin gehe ich gerne zu Fu\u00df.<\/p>\n\n\n\n<p><strong>Welche Messe steht f\u00fcr was?<\/strong><\/p>\n\n\n\n<p>In Florenz steht die Entstehung des Buchs im Mittelpunkt, Leipzig steht f\u00fcrs Lesen, Frankfurt f\u00fcr die \u00d6konomie und Wien f\u00fcr die Autoren. Ein guter Mix!<\/p>\n\n\n\n<p><strong>Vergesst die \u00fcberraschenden Events vor Ort nicht!<\/strong><\/p>\n\n\n\n<p>Wem Buchmessen zu pomp\u00f6s sind und wer lieber abseits des Mainstreams unterwegs ist, halte die zahlreichen Events der unabh\u00e4ngigen Verlage vor Ort im Auge. In vielen St\u00e4dten haben sich in den letzten Jahren spannende kleine Buch-Wochenenden gebildet. Dieser Tipp gilt auch f\u00fcr die Fans der Gro\u00dfmessen! <\/p>\n\n\n\n<div class=\"wp-block-image\"><figure class=\"aligncenter size-large is-resized\"><img loading=\"lazy\" decoding=\"async\" src=\"https:\/\/trooboox.de\/wordpress\/wp-content\/uploads\/2020\/04\/hacks-dog-2-300x300-1.jpg\" alt=\"\" class=\"wp-image-1620\" width=\"112\" height=\"112\" srcset=\"https:\/\/trooboox.de\/wordpress\/wp-content\/uploads\/2020\/04\/hacks-dog-2-300x300-1.jpg 300w, https:\/\/trooboox.de\/wordpress\/wp-content\/uploads\/2020\/04\/hacks-dog-2-300x300-1-150x150.jpg 150w, https:\/\/trooboox.de\/wordpress\/wp-content\/uploads\/2020\/04\/hacks-dog-2-300x300-1-45x45.jpg 45w\" sizes=\"auto, (max-width: 112px) 100vw, 112px\" \/><figcaption>Text (c) Kurt Pohl, 2023<\/figcaption><\/figure><\/div>\n","protected":false},"excerpt":{"rendered":"<p>Mein noch leerer Kalender freut sich: eine Reihe spannender Veranstaltung stehen vor uns. Ich trage meine geplanten Buchmessen-Termine ein. Erst dann kommen Geburtstage&hellip;<\/p>\n","protected":false},"author":2,"featured_media":2494,"comment_status":"open","ping_status":"open","sticky":false,"template":"","format":"standard","meta":{"_monsterinsights_skip_tracking":false,"_monsterinsights_sitenote_active":false,"_monsterinsights_sitenote_note":"","_monsterinsights_sitenote_category":0,"footnotes":""},"categories":[132],"tags":[400,192,399,31,398],"class_list":["post-2469","post","type-post","status-publish","format-standard","has-post-thumbnail","hentry","category-post","tag-buch-wien","tag-frankfurter-buchmesse","tag-leipziger-buchmesse","tag-startseite","tag-testo-firenze"],"_links":{"self":[{"href":"https:\/\/trooboox.de\/wordpress\/wp-json\/wp\/v2\/posts\/2469","targetHints":{"allow":["GET"]}}],"collection":[{"href":"https:\/\/trooboox.de\/wordpress\/wp-json\/wp\/v2\/posts"}],"about":[{"href":"https:\/\/trooboox.de\/wordpress\/wp-json\/wp\/v2\/types\/post"}],"author":[{"embeddable":true,"href":"https:\/\/trooboox.de\/wordpress\/wp-json\/wp\/v2\/users\/2"}],"replies":[{"embeddable":true,"href":"https:\/\/trooboox.de\/wordpress\/wp-json\/wp\/v2\/comments?post=2469"}],"version-history":[{"count":11,"href":"https:\/\/trooboox.de\/wordpress\/wp-json\/wp\/v2\/posts\/2469\/revisions"}],"predecessor-version":[{"id":2495,"href":"https:\/\/trooboox.de\/wordpress\/wp-json\/wp\/v2\/posts\/2469\/revisions\/2495"}],"wp:featuredmedia":[{"embeddable":true,"href":"https:\/\/trooboox.de\/wordpress\/wp-json\/wp\/v2\/media\/2494"}],"wp:attachment":[{"href":"https:\/\/trooboox.de\/wordpress\/wp-json\/wp\/v2\/media?parent=2469"}],"wp:term":[{"taxonomy":"category","embeddable":true,"href":"https:\/\/trooboox.de\/wordpress\/wp-json\/wp\/v2\/categories?post=2469"},{"taxonomy":"post_tag","embeddable":true,"href":"https:\/\/trooboox.de\/wordpress\/wp-json\/wp\/v2\/tags?post=2469"}],"curies":[{"name":"wp","href":"https:\/\/api.w.org\/{rel}","templated":true}]}}