{"id":2615,"date":"2023-06-03T11:21:04","date_gmt":"2023-06-03T09:21:04","guid":{"rendered":"https:\/\/trooboox.de\/wordpress\/?p=2615"},"modified":"2023-06-06T20:34:01","modified_gmt":"2023-06-06T18:34:01","slug":"vor-fuenf-im-urwald","status":"publish","type":"post","link":"https:\/\/trooboox.de\/wordpress\/vor-fuenf-im-urwald\/","title":{"rendered":"Vor f\u00fcnf im Urwald."},"content":{"rendered":"\n<p>Der Bayerische Wald ist unser sch\u00f6nster Urwald, zum Gro\u00dfteil naturbelassenen. Da wurde es Zeit f\u00fcr ein Buch, das mit Reportagen und Wandertouren Lust aufs N\u00e4her-Kennenlernen macht. <em>15 Gipfel<\/em> mit den sch\u00f6nsten Touren im Bayerwald warten auf uns.<\/p>\n\n\n\n<p><strong>Nichts gegen Oberbayern, aber. . .<\/strong><\/p>\n\n\n\n<p>Der Bayerische Wald ist eine Art Anti-Oberbayern. Tracht tragen hier nur Touristen, Einheimische leiden nicht unter F\u00f6n-Wetterlagen, geniessen ein deutlich weniger teures Leben und fahren SUVs nur, wenn es f\u00fcr das Gel\u00e4nde notwendig ist. Meistens jedenfalls. Daf\u00fcr gibt es unber\u00fchrte Natur, mehr Urspr\u00fcnglichkeit, mehr Zeit f\u00fcrs Ich und Menschen mit verborgener echter Freundlichkeit. Ich gestehe, ich liebe den Bayerwald. Und jetzt erwarten mich zu meinen vier bekannten weitere 11 Gipfel. Was bieten schon Tegern-, Schlier- und Chiemsee, wenn wir Vorderen, Mittleren und Hinteren Bayerischen Wald bewandern k\u00f6nnen!<\/p>\n\n\n\n<p><strong>Endlich Ordnung im Urwald<\/strong><\/p>\n\n\n\n<p>Das Buch ist \u00fcberaus ordentlich strukturiert &#8211; und das  im Urwald! Tats\u00e4chlich zeigt uns eine Doppelseite die richtige Nutzung der Kapitel, gut f\u00fcr urbane Neuwanderer. Denn der Bayerische Wald umfasst nicht nur einen gesch\u00fctzten Nationalpark, sondern auch unz\u00e4hlige Wanderziele und sehenswerte Pl\u00e4tze. Das Buch ist daher kein klassischer Wanderf\u00fchrer und z\u00e4hlt nicht jedes Farnkraut am Wegesrand einzeln auf. Es ist erfrischend informativ, abwechslungsreich und prall gef\u00fcllt. Statt der \u00fcblichen Tourenkarten gibt es QR-links und auch sonst richtet sich das Buch an neue Wander-Zielgruppen. Es gibt Hin-Wege, Rund-Wege und Weg-Wege samt Gebrauchsanweisungen.<\/p>\n\n\n\n<figure class=\"wp-block-gallery has-nested-images columns-default is-cropped wp-block-gallery-1 is-layout-flex wp-block-gallery-is-layout-flex\">\n<figure class=\"wp-block-image size-large\"><img loading=\"lazy\" decoding=\"async\" width=\"1024\" height=\"768\" data-id=\"2652\" src=\"https:\/\/trooboox.de\/wordpress\/wp-content\/uploads\/2023\/06\/IMG_3508-scaled-e1686042894625-1024x768.jpg\" alt=\"\" class=\"wp-image-2652\" srcset=\"https:\/\/trooboox.de\/wordpress\/wp-content\/uploads\/2023\/06\/IMG_3508-scaled-e1686042894625-1024x768.jpg 1024w, https:\/\/trooboox.de\/wordpress\/wp-content\/uploads\/2023\/06\/IMG_3508-scaled-e1686042894625-300x225.jpg 300w, https:\/\/trooboox.de\/wordpress\/wp-content\/uploads\/2023\/06\/IMG_3508-scaled-e1686042894625-768x576.jpg 768w, https:\/\/trooboox.de\/wordpress\/wp-content\/uploads\/2023\/06\/IMG_3508-scaled-e1686042894625-1536x1152.jpg 1536w, https:\/\/trooboox.de\/wordpress\/wp-content\/uploads\/2023\/06\/IMG_3508-scaled-e1686042894625-2048x1536.jpg 2048w, https:\/\/trooboox.de\/wordpress\/wp-content\/uploads\/2023\/06\/IMG_3508-scaled-e1686042894625-920x690.jpg 920w, https:\/\/trooboox.de\/wordpress\/wp-content\/uploads\/2023\/06\/IMG_3508-scaled-e1686042894625-790x593.jpg 790w\" sizes=\"auto, (max-width: 1024px) 100vw, 1024px\" \/><\/figure>\n\n\n\n<figure class=\"wp-block-image size-large\"><img loading=\"lazy\" decoding=\"async\" width=\"1024\" height=\"768\" data-id=\"2649\" src=\"https:\/\/trooboox.de\/wordpress\/wp-content\/uploads\/2023\/06\/IMG_3509-1-scaled-e1686042924276-1024x768.jpg\" alt=\"\" class=\"wp-image-2649\" srcset=\"https:\/\/trooboox.de\/wordpress\/wp-content\/uploads\/2023\/06\/IMG_3509-1-scaled-e1686042924276-1024x768.jpg 1024w, https:\/\/trooboox.de\/wordpress\/wp-content\/uploads\/2023\/06\/IMG_3509-1-scaled-e1686042924276-300x225.jpg 300w, https:\/\/trooboox.de\/wordpress\/wp-content\/uploads\/2023\/06\/IMG_3509-1-scaled-e1686042924276-768x576.jpg 768w, https:\/\/trooboox.de\/wordpress\/wp-content\/uploads\/2023\/06\/IMG_3509-1-scaled-e1686042924276-1536x1152.jpg 1536w, https:\/\/trooboox.de\/wordpress\/wp-content\/uploads\/2023\/06\/IMG_3509-1-scaled-e1686042924276-2048x1536.jpg 2048w, https:\/\/trooboox.de\/wordpress\/wp-content\/uploads\/2023\/06\/IMG_3509-1-scaled-e1686042924276-920x690.jpg 920w, https:\/\/trooboox.de\/wordpress\/wp-content\/uploads\/2023\/06\/IMG_3509-1-scaled-e1686042924276-790x593.jpg 790w\" sizes=\"auto, (max-width: 1024px) 100vw, 1024px\" \/><\/figure>\n<\/figure>\n\n\n\n<p>Wir finden H\u00fctten, Gasth\u00e4user und Unterk\u00fcnfte \u2013 vor Besuch noch mal gegenchecken, Post-Covid-Changes wirbeln auch durch den Wald. Wichtig sind die \u201eInfokasterln\u201c, in denen die Highlights der Tour zusammengefasst sind. So lernen wir Brotjackelriegel, Osser, Falkenstein (Superh\u00fctte), Rachel (mein favourite), Lusen (beeindruckende Steinw\u00fcste), Dreisessel (meine Jugend), Arber (zu verbaut, nicht so meins) und und neun weitere Gipfel kennen. Und ein Geheimnis der Namensgebung wird gel\u00fcftet: aus \u201eBreiten J\u00e4gerriegel\u201c wurde \u201eBroader Jacklriegel\u201c und schlie\u00dflich der kuriose Brotjackelriegel. Damit es im stillen Mittelgebirge auch menschelt, berichten Sportler*innen, Unternehmer und K\u00fcnstler*innen. Unter ihnen auch die betagte Stilla Moritz (geb. 1927), die im aufgelassenen Dorf Leopoldsreut aufgewachsen ist. Schweren Herzens musste das Dorf 1963 von seinen Bewohnern aufgegeben werden, denn das karge Leben ohne Strom- und Wasserversorgung und mit acht Monaten Winter war zu beschwerlich.<\/p>\n\n\n\n<p><strong>Wer mag schon acht Monate Winter?<\/strong><\/p>\n\n\n\n<p><em>15 Gipfel<\/em> konzentriert sich auf die schneefreie Wanderzeit, wie gef\u00fchlte 1000 Fotos dokumentieren. Ein bisschen \u00fcppig f\u00fcr 300 Seiten. Vielen Motiven bleibt nur Briefmarkengr\u00f6\u00dfe, die Kunst des Weglassens schien bei diesem Reichtum an Umgebung kaum durchzuhalten.<\/p>\n\n\n<div class=\"wp-block-image\">\n<figure class=\"aligncenter size-large is-resized\"><img loading=\"lazy\" decoding=\"async\" src=\"https:\/\/trooboox.de\/wordpress\/wp-content\/uploads\/2023\/06\/IMG_3507-scaled-e1686043131358-1024x768.jpg\" alt=\"\" class=\"wp-image-2653\" width=\"525\" height=\"393\" srcset=\"https:\/\/trooboox.de\/wordpress\/wp-content\/uploads\/2023\/06\/IMG_3507-scaled-e1686043131358-1024x768.jpg 1024w, https:\/\/trooboox.de\/wordpress\/wp-content\/uploads\/2023\/06\/IMG_3507-scaled-e1686043131358-300x225.jpg 300w, https:\/\/trooboox.de\/wordpress\/wp-content\/uploads\/2023\/06\/IMG_3507-scaled-e1686043131358-768x576.jpg 768w, https:\/\/trooboox.de\/wordpress\/wp-content\/uploads\/2023\/06\/IMG_3507-scaled-e1686043131358-1536x1152.jpg 1536w, https:\/\/trooboox.de\/wordpress\/wp-content\/uploads\/2023\/06\/IMG_3507-scaled-e1686043131358-2048x1536.jpg 2048w, https:\/\/trooboox.de\/wordpress\/wp-content\/uploads\/2023\/06\/IMG_3507-scaled-e1686043131358-920x690.jpg 920w, https:\/\/trooboox.de\/wordpress\/wp-content\/uploads\/2023\/06\/IMG_3507-scaled-e1686043131358-790x593.jpg 790w\" sizes=\"auto, (max-width: 525px) 100vw, 525px\" \/><figcaption class=\"wp-element-caption\">Stilla Moritz aus Leopoldsreut<\/figcaption><\/figure>\n<\/div>\n\n<div class=\"wp-block-image\">\n<figure class=\"aligncenter size-large is-resized\"><img loading=\"lazy\" decoding=\"async\" src=\"https:\/\/trooboox.de\/wordpress\/wp-content\/uploads\/2023\/06\/IMG_3506-1024x768.jpg\" alt=\"\" class=\"wp-image-2646\" width=\"369\" height=\"277\" srcset=\"https:\/\/trooboox.de\/wordpress\/wp-content\/uploads\/2023\/06\/IMG_3506-1024x768.jpg 1024w, https:\/\/trooboox.de\/wordpress\/wp-content\/uploads\/2023\/06\/IMG_3506-300x225.jpg 300w, https:\/\/trooboox.de\/wordpress\/wp-content\/uploads\/2023\/06\/IMG_3506-768x576.jpg 768w, https:\/\/trooboox.de\/wordpress\/wp-content\/uploads\/2023\/06\/IMG_3506-1536x1152.jpg 1536w, https:\/\/trooboox.de\/wordpress\/wp-content\/uploads\/2023\/06\/IMG_3506-2048x1536.jpg 2048w, https:\/\/trooboox.de\/wordpress\/wp-content\/uploads\/2023\/06\/IMG_3506-920x690.jpg 920w, https:\/\/trooboox.de\/wordpress\/wp-content\/uploads\/2023\/06\/IMG_3506-790x593.jpg 790w\" sizes=\"auto, (max-width: 369px) 100vw, 369px\" \/><\/figure>\n<\/div>\n\n\n<p>Herausgeberin der <em>15 Gipfel<\/em> ist die Fotografin Evi Lemberger. Aufgewachsen im Lamer Winkel zog sie es vor, ihre Projekte erst einmal in der Ferne zu realisieren. Erst nach ihrer R\u00fcckkehr war sie reif f\u00fcr das au\u00dfergew\u00f6hnliche Projekt vor ihrer Haust\u00fcre. Lemberger stellte drei Wanderteams aus jeweils Fotograf- und Autor*in zusammen. Trotz H\u00f6henangst \u00fcbernahm sie selbst einige Gipfelwanderungen.&nbsp; Mit viel Empathie trugen die Zweier-Teams Reportagen, Tourenvorschl\u00e4ge und Erfahrungen zusammen, so dass das Buch zu einer abwechslungsreichen Langstrecke wurde.&nbsp; So dicht wie der Wald, geheimnisvoll und jetzt auch noch hip. Also schnell die Manufactum-Bergschuhe geschn\u00fcrt, bevor auch die zweite Auflage vergriffen ist. \u00dcbrigens, es gibt nichts sch\u00f6neres als einen Sommer-Sonnenaufgang von einem der f\u00fcnfzehn Gipfel. Du wirst dein Leben neu bewerten.<\/p>\n\n\n\n<p><strong>15 Gipfel, Herausgegeben von Evi Lemberger, 300 Seiten | \u20ac28,00 <a href=\"https:\/\/lichtung-verlag.de\/index.php\/shop\/edition-lichtung-11\/15-gipfel-detail\" target=\"_blank\" rel=\"noreferrer noopener\">hier<\/a>.<\/strong><\/p>\n\n\n<div class=\"wp-block-image\">\n<figure class=\"aligncenter size-full is-resized\"><img loading=\"lazy\" decoding=\"async\" src=\"https:\/\/trooboox.de\/wordpress\/wp-content\/uploads\/2022\/05\/oox_dog_BESCHN_II.jpg\" alt=\"\" class=\"wp-image-2316\" width=\"102\" height=\"112\" srcset=\"https:\/\/trooboox.de\/wordpress\/wp-content\/uploads\/2022\/05\/oox_dog_BESCHN_II.jpg 583w, https:\/\/trooboox.de\/wordpress\/wp-content\/uploads\/2022\/05\/oox_dog_BESCHN_II-274x300.jpg 274w\" sizes=\"auto, (max-width: 102px) 100vw, 102px\" \/><figcaption class=\"wp-element-caption\">(c) Kurt Pohl, 2023<\/figcaption><\/figure>\n<\/div>","protected":false},"excerpt":{"rendered":"<p>Der Bayerische Wald ist unser sch\u00f6nster Urwald, zum Gro\u00dfteil naturbelassenen. Da wurde es Zeit f\u00fcr ein Buch, das mit Reportagen und Wandertouren Lust&hellip;<\/p>\n","protected":false},"author":2,"featured_media":2646,"comment_status":"open","ping_status":"open","sticky":false,"template":"","format":"standard","meta":{"_monsterinsights_skip_tracking":false,"_monsterinsights_sitenote_active":false,"_monsterinsights_sitenote_note":"","_monsterinsights_sitenote_category":0,"footnotes":""},"categories":[15],"tags":[424,315,31,426],"class_list":["post-2615","post","type-post","status-publish","format-standard","has-post-thumbnail","hentry","category-reisen","tag-bayerischer-wald","tag-nationalpark-bayerischer-wald","tag-startseite","tag-wandern"],"_links":{"self":[{"href":"https:\/\/trooboox.de\/wordpress\/wp-json\/wp\/v2\/posts\/2615","targetHints":{"allow":["GET"]}}],"collection":[{"href":"https:\/\/trooboox.de\/wordpress\/wp-json\/wp\/v2\/posts"}],"about":[{"href":"https:\/\/trooboox.de\/wordpress\/wp-json\/wp\/v2\/types\/post"}],"author":[{"embeddable":true,"href":"https:\/\/trooboox.de\/wordpress\/wp-json\/wp\/v2\/users\/2"}],"replies":[{"embeddable":true,"href":"https:\/\/trooboox.de\/wordpress\/wp-json\/wp\/v2\/comments?post=2615"}],"version-history":[{"count":11,"href":"https:\/\/trooboox.de\/wordpress\/wp-json\/wp\/v2\/posts\/2615\/revisions"}],"predecessor-version":[{"id":2659,"href":"https:\/\/trooboox.de\/wordpress\/wp-json\/wp\/v2\/posts\/2615\/revisions\/2659"}],"wp:featuredmedia":[{"embeddable":true,"href":"https:\/\/trooboox.de\/wordpress\/wp-json\/wp\/v2\/media\/2646"}],"wp:attachment":[{"href":"https:\/\/trooboox.de\/wordpress\/wp-json\/wp\/v2\/media?parent=2615"}],"wp:term":[{"taxonomy":"category","embeddable":true,"href":"https:\/\/trooboox.de\/wordpress\/wp-json\/wp\/v2\/categories?post=2615"},{"taxonomy":"post_tag","embeddable":true,"href":"https:\/\/trooboox.de\/wordpress\/wp-json\/wp\/v2\/tags?post=2615"}],"curies":[{"name":"wp","href":"https:\/\/api.w.org\/{rel}","templated":true}]}}