{"id":2661,"date":"2023-07-03T16:24:33","date_gmt":"2023-07-03T14:24:33","guid":{"rendered":"https:\/\/trooboox.de\/wordpress\/?p=2661"},"modified":"2023-07-18T15:01:51","modified_gmt":"2023-07-18T13:01:51","slug":"81-ist-das-neue-72","status":"publish","type":"post","link":"https:\/\/trooboox.de\/wordpress\/81-ist-das-neue-72\/","title":{"rendered":"81 ist das neue 72"},"content":{"rendered":"\n<p><\/p>\n\n\n\n<p>Daniel Dubbe entf\u00fchrt uns in <em>Am Meer<\/em> auf zwei griechische Inseln. Es ist eine R\u00fcckkehr zu sch\u00f6nen Momenten, gleichzeitig das Nachdenken \u00fcber einen sanften \u00dcbergang, dem \u00c4lterwerden: \u201eEs dunkelte schon, aber das Papier, auf das er schrieb, strahlte hell.\u201c Ein sch\u00f6ner und nachhallender Satz aus seiner neuen Erz\u00e4hlung.<\/p>\n\n\n\n<p><strong>Kleine B\u00fccher ziehen feine Kreise<\/strong><\/p>\n\n\n\n<p>Dubbe (Jahrgang 1942) feierte im letzten Jahr seinen achtzigsten Geburtstag. In den siebziger und achtziger Jahren war er Teil der Gruppe um die Hamburger Literaturzeitschrift Boa Vista, schrieb Drehb\u00fccher, ver\u00f6ffentlichte in vielen <em>little mags<\/em> und legte 1973 mit <em>Szene<\/em> seine erste Prosaver\u00f6ffentlichung vor. Mit dem Storyband <em>Wilde M\u00e4nner, wenig Frauen<\/em> (1984) startete er seine regelm\u00e4ssigen Prosa-Ver\u00f6ffentlichungen in kleineren Verlagen. Sehr erfolgreich waren seine beiden Interview-B\u00fccher zur RAF. Zuletzt setzte sich Dubbe in einer Biografie mit Leben und umfangreichem Werk von Hans Erich Nossack auseinander. \u00dcber <em>Am Meer<\/em> schreibt Udo Breger: \u201eKleine B\u00fccher ziehen kleine Kreise, aber feine.\u201c Eine \u00dcbersicht zu seinen lieferbaren B\u00fcchern findest du in seinem <a rel=\"noreferrer noopener\" href=\"https:\/\/trooboox.de\/wordpress\/angenehm-dubbe\/\" target=\"_blank\">Geburtstags-post.<\/a><\/p>\n\n\n<div class=\"wp-block-image\">\n<figure class=\"aligncenter size-large is-resized\"><img loading=\"lazy\" decoding=\"async\" src=\"https:\/\/trooboox.de\/wordpress\/wp-content\/uploads\/2023\/07\/Daniel_80_beschn-1024x914.jpg\" alt=\"\" class=\"wp-image-2666\" width=\"381\" height=\"339\" srcset=\"https:\/\/trooboox.de\/wordpress\/wp-content\/uploads\/2023\/07\/Daniel_80_beschn-1024x914.jpg 1024w, https:\/\/trooboox.de\/wordpress\/wp-content\/uploads\/2023\/07\/Daniel_80_beschn-300x268.jpg 300w, https:\/\/trooboox.de\/wordpress\/wp-content\/uploads\/2023\/07\/Daniel_80_beschn-768x685.jpg 768w, https:\/\/trooboox.de\/wordpress\/wp-content\/uploads\/2023\/07\/Daniel_80_beschn-1536x1371.jpg 1536w, https:\/\/trooboox.de\/wordpress\/wp-content\/uploads\/2023\/07\/Daniel_80_beschn-773x690.jpg 773w, https:\/\/trooboox.de\/wordpress\/wp-content\/uploads\/2023\/07\/Daniel_80_beschn.jpg 1784w\" sizes=\"auto, (max-width: 381px) 100vw, 381px\" \/><figcaption class=\"wp-element-caption\">Herr Dubbe im Garten<\/figcaption><\/figure>\n<\/div>\n\n\n<p><strong>Zwei M\u00e4nner am Meer<\/strong><\/p>\n\n\n\n<p>Auf der Insel Mytilini begegnen wir zwei M\u00e4nnern. Der eine ist der Ich-Erz\u00e4hler, der zweite ist N., sein zweites, distanteres Ich. In der Gleichf\u00f6rmigkeit der Wellen kreisen die Gedanken von Ich und N. um das Vergehen der Zeit, vor allem der Lebenszeit. \u201eNutzloses Denken um das Zeit-Vergehen. Wie nennt man das: Nachsinnen? Ein pl\u00f6tzlicher absurder Stop oder sp\u00e4tes Wegd\u00e4mmern in biblischem Alter?\u201c schreibt Dubbe und w\u00e4hlt einen passenden Rahmen f\u00fcr Gedanken dieses Gewichts: die Einfachheit der Insel, eine sympathisch karge Unterkunft mit Tisch, Bett, ein paar Haken an der Wand und einer nackten Gl\u00fchbirne an der Decke. Einfaches, erfreuliches Fr\u00fchst\u00fcck und der Fensterblick wahlweise auf Hinterhof oder nat\u00fcrlich aufs Meer. \u201eDiese Art des Gr\u00fcbelns war genauso sinnlos wie der Blick \u00fcber die leere Oberfl\u00e4che des Meeres bis zum Horizont. Das Meer konnte mir auch nicht helfen, seine gleichg\u00fcltige Ruhe, seine blaue Sch\u00f6nheit,\u201c schreibt Dubbe weiter.<\/p>\n\n\n\n<p>Dennoch ist am Meer auch Platz f\u00fcr die Leichtigkeit am Wasser, einen Frapp\u00e9 zum Wachwerden, der ironische Blick auf Touristen, waghalsige Touren mit dem Motorroller \u00fcber staubige Bergstrassen und durch enge Gassen. Der Erz\u00e4hler trotz dem \u00c4lterwerden, wenn er sich \u00fcber die Anerkennung der j\u00fcngeren freut: \u201e<em>Du<\/em>? Du bist doch nicht alt!\u201c Der Rettungssatz f\u00fcr alle Grau- bis Wei\u00dfhaarigen.<\/p>\n\n\n\n<p><strong>Philosophen auf dem Muppets-Balkon<\/strong><\/p>\n\n\n\n<p>Dubbe verzichtet diesmal auf sein \u00fcbliches Story-Personal bestehend aus seinen  K\u00fcnstler-Freunden und Freundinnen. Dieses besondere Thema erledigt er quasi im Alleingang. F\u00fcr Nachdenken \u00fcbers Altern nimmt er lediglich philosophischen Beistand: als kommentierendes Duo gesellen sich auf dem Muppets-Balkon noch die Herren Schopenhauer und Nietzsche dazu. Es geht zwar nicht direkt um Leben und Tod, aber das Einsetzen der Dunkelheit ist ein blues-lastiges Thema mit verschiedenen Strategien \u2013 Endzeitstimmung oder Abwarten und Aussitzen oder aktive Restlaufzeit solange es die Brennst\u00e4be noch tun.<\/p>\n\n\n\n<p><strong>Weiter machen, immer weiter machen<\/strong><\/p>\n\n\n\n<p>Bei meinem Geburtstagsbesuch im letzten Jahr umarmte ich \u2013 ganz ge\u00fcbter S\u00fcdl\u00e4nder &#8211; Daniel zum Taxi-Abschied. Sein K\u00f6rper blieb ein bisschen sperrig. Dubbe ist eben kein geschmeidiger Sylt-Hanseat, eher ein Nossack-Hanseat aus der Rothenbaumchaussee, der sich lieber weiterhin dem unbeschriebenen Blatt Papier widmet, gut so. \u201e\u201aDas Meer ist nur dazu da, um es auf dem Smartphone zu verewigen\u2018, notiert N.\u201c Und das Leben ist da, um gelebt zu werden. Ein feines Buch.<\/p>\n\n\n\n<p>Dem Verleger Ralf Friel ist ein sehr stimmiges B\u00fcchlein gelungen. Haptik und Optik schmeicheln dem Leser klar, einfach und lesefreundlich. Chapeau! Es ist ihm eine gro\u00dfe Leserschaft zu g\u00f6nnen. F\u00fcr den Buchhandel und f\u00fcr Leserinnen und Leser gibt es das Buch hier (ralf.friel@outlook.de) und <a rel=\"noreferrer noopener\" href=\"http:\/\/www.molokoplusrecords.de\/finder.php?folder=Print&amp;content=215\" target=\"_blank\">da<\/a>.<\/p>\n\n\n\n<p><strong><a href=\"http:\/\/www.molokoplusrecords.de\/finder.php?folder=Print&amp;content=215\" target=\"_blank\" rel=\"noreferrer noopener\">Daniel Dubbe, Am Meer, 49 Seiten, Molokoprint | \u20ac 10<\/a><\/strong><\/p>\n\n\n<div class=\"wp-block-image\">\n<figure class=\"aligncenter size-full is-resized\"><img loading=\"lazy\" decoding=\"async\" src=\"https:\/\/trooboox.de\/wordpress\/wp-content\/uploads\/2022\/05\/oox_dog_BESCHN_II.jpg\" alt=\"\" class=\"wp-image-2316\" width=\"108\" height=\"118\" srcset=\"https:\/\/trooboox.de\/wordpress\/wp-content\/uploads\/2022\/05\/oox_dog_BESCHN_II.jpg 583w, https:\/\/trooboox.de\/wordpress\/wp-content\/uploads\/2022\/05\/oox_dog_BESCHN_II-274x300.jpg 274w\" sizes=\"auto, (max-width: 108px) 100vw, 108px\" \/><figcaption class=\"wp-element-caption\">(c)<strong> <\/strong>2023 Kurt Pohl<\/figcaption><\/figure>\n<\/div>\n\n\n<p>Nachtrag aus Hamburger Sicht: Der Redakteur des Hamburger Abendblatts, Thomas Andre, z\u00e4hlte Dubbes <em>Jungfernstieg oder die Sch\u00fcchternheit <\/em>(2010) zu den 30 wichtigsten Romanen mit Hamburg-Bezug seit 1945 &#8211; neben u.a. Lenz&#8216; <em>Deutschstunde, <\/em>Fichtes <em>Die Palette <\/em>und Hans Erich Nossacks <em>Sp\u00e4testens im November<\/em>. Zufall oder Seelenverwandtschaft?<\/p>\n\n\n<div class=\"wp-block-image\">\n<figure class=\"aligncenter size-large is-resized\"><img loading=\"lazy\" decoding=\"async\" src=\"https:\/\/trooboox.de\/wordpress\/wp-content\/uploads\/2023\/07\/IMG_1050-1-1024x884.jpg\" alt=\"\" class=\"wp-image-2675\" width=\"339\" height=\"293\" srcset=\"https:\/\/trooboox.de\/wordpress\/wp-content\/uploads\/2023\/07\/IMG_1050-1-1024x884.jpg 1024w, https:\/\/trooboox.de\/wordpress\/wp-content\/uploads\/2023\/07\/IMG_1050-1-300x259.jpg 300w, https:\/\/trooboox.de\/wordpress\/wp-content\/uploads\/2023\/07\/IMG_1050-1-768x663.jpg 768w, https:\/\/trooboox.de\/wordpress\/wp-content\/uploads\/2023\/07\/IMG_1050-1-1536x1327.jpg 1536w, https:\/\/trooboox.de\/wordpress\/wp-content\/uploads\/2023\/07\/IMG_1050-1-2048x1769.jpg 2048w, https:\/\/trooboox.de\/wordpress\/wp-content\/uploads\/2023\/07\/IMG_1050-1-799x690.jpg 799w\" sizes=\"auto, (max-width: 339px) 100vw, 339px\" \/><figcaption class=\"wp-element-caption\">trooboox macht Pause bis September. Tsch\u00fcss!<\/figcaption><\/figure>\n<\/div>","protected":false},"excerpt":{"rendered":"<p>Daniel Dubbe entf\u00fchrt uns in Am Meer auf zwei griechische Inseln. Es ist eine R\u00fcckkehr zu sch\u00f6nen Momenten, gleichzeitig das Nachdenken \u00fcber einen&hellip;<\/p>\n","protected":false},"author":2,"featured_media":2662,"comment_status":"open","ping_status":"open","sticky":false,"template":"","format":"standard","meta":{"_monsterinsights_skip_tracking":false,"_monsterinsights_sitenote_active":false,"_monsterinsights_sitenote_note":"","_monsterinsights_sitenote_category":0,"footnotes":""},"categories":[157],"tags":[31],"class_list":["post-2661","post","type-post","status-publish","format-standard","has-post-thumbnail","hentry","category-fiction","tag-startseite"],"_links":{"self":[{"href":"https:\/\/trooboox.de\/wordpress\/wp-json\/wp\/v2\/posts\/2661","targetHints":{"allow":["GET"]}}],"collection":[{"href":"https:\/\/trooboox.de\/wordpress\/wp-json\/wp\/v2\/posts"}],"about":[{"href":"https:\/\/trooboox.de\/wordpress\/wp-json\/wp\/v2\/types\/post"}],"author":[{"embeddable":true,"href":"https:\/\/trooboox.de\/wordpress\/wp-json\/wp\/v2\/users\/2"}],"replies":[{"embeddable":true,"href":"https:\/\/trooboox.de\/wordpress\/wp-json\/wp\/v2\/comments?post=2661"}],"version-history":[{"count":19,"href":"https:\/\/trooboox.de\/wordpress\/wp-json\/wp\/v2\/posts\/2661\/revisions"}],"predecessor-version":[{"id":2699,"href":"https:\/\/trooboox.de\/wordpress\/wp-json\/wp\/v2\/posts\/2661\/revisions\/2699"}],"wp:featuredmedia":[{"embeddable":true,"href":"https:\/\/trooboox.de\/wordpress\/wp-json\/wp\/v2\/media\/2662"}],"wp:attachment":[{"href":"https:\/\/trooboox.de\/wordpress\/wp-json\/wp\/v2\/media?parent=2661"}],"wp:term":[{"taxonomy":"category","embeddable":true,"href":"https:\/\/trooboox.de\/wordpress\/wp-json\/wp\/v2\/categories?post=2661"},{"taxonomy":"post_tag","embeddable":true,"href":"https:\/\/trooboox.de\/wordpress\/wp-json\/wp\/v2\/tags?post=2661"}],"curies":[{"name":"wp","href":"https:\/\/api.w.org\/{rel}","templated":true}]}}