{"id":976,"date":"2019-10-10T10:46:22","date_gmt":"2019-10-10T08:46:22","guid":{"rendered":"https:\/\/trooboox.de\/wordpress\/?p=976"},"modified":"2019-10-30T10:05:47","modified_gmt":"2019-10-30T09:05:47","slug":"macht-volksmusik-wirklich-gluecklich","status":"publish","type":"post","link":"https:\/\/trooboox.de\/wordpress\/macht-volksmusik-wirklich-gluecklich\/","title":{"rendered":"Macht Volksmusik wirklich gl\u00fccklich?"},"content":{"rendered":"\n<p><strong>[boost<em>your<\/em>coffeetable:<\/strong> <em gestureid=\"9uv81k\">Wir m\u00fcssen nicht alle B\u00fccher lesen. Oft gen\u00fcgt es, dass wir sie haben, dar\u00fcber reden und zeigen. Von der Decke h\u00e4ngend, in einer ge\u00f6ffneten Schublade, ganzj\u00e4hrig auf der Terrasse oder eben auf dem coffee table.<\/em><strong>]<\/strong><\/p>\n\n\n\n<p><strong> <\/strong><em><strong><a href=\"https:\/\/www.amazon.de\/Volksmusik-Lois-Hechenblaikner\/dp\/3958291759\/ref=as_sl_pc_qf_sp_asin_til?tag=wwwtroobooxde-21&amp;linkCode=w00&amp;linkId=2afc56cb2cff1075532f9efed6b90ce8&amp;creativeASIN=3958291759\" target=\"_blank\" rel=\"noreferrer noopener\" aria-label=\"Volksmusik (\u00f6ffnet in neuem Tab)\">Volksmusik<\/a><\/strong><\/em><strong> von Lois Hechenblaikner: , 152 S., 120 Fotos,<a rel=\"noreferrer noopener\" aria-label=\" Steidl Verla (\u00f6ffnet in neuem Tab)\" href=\"https:\/\/steidl.de\/Kuenstler\/Lois-Hechenblaikner-0307092345.html\" target=\"_blank\"> Steidl Verla<\/a>g | \u20ac 38.-<\/strong>&#8211;<\/p>\n\n\n\n<p><strong>Was du \u00fcber das Buch <em>Volksmusik<\/em> wissen solltest. <\/strong><\/p>\n\n\n\n<p>Seit Jahren beobachtet der Tiroler Lois Hechenblaikner mit seiner Kamera, wie Tourismus und mehr noch die Touristen seine Heimat ver\u00e4ndern. Zu dieser Feldforschung geh\u00f6rt auch der Besuch von volkst\u00fcmlichen Konzerten und Hansi Hinterseer-Wallfahrten. Dort portr\u00e4tiert er mit professionellem Respekt die Besucher, vorrangig aus Deutschland, \u00d6sterreich und der Schweiz. Wie alle Fans suchen sie Halt in der Gemeinschaft Gleichgesinnter und hoffen, dem Dilemma des Lebens au\u00dferhalb der seichten Liedzeilen und Harmonien zu entfliehen.  Den Einheimischen bleibt da nur die Flucht, sofern sie nicht an den Events mitverdienen. <\/p>\n\n\n\n<ul class=\"wp-block-gallery columns-2 is-cropped wp-block-gallery-1 is-layout-flex wp-block-gallery-is-layout-flex\"><li class=\"blocks-gallery-item\"><figure><img loading=\"lazy\" decoding=\"async\" width=\"819\" height=\"1024\" src=\"https:\/\/trooboox.de\/wordpress\/wp-content\/uploads\/2019\/10\/02_081_Hechen_Volks1-819x1024.jpg\" alt=\"\" data-id=\"1002\" class=\"wp-image-1002\" srcset=\"https:\/\/trooboox.de\/wordpress\/wp-content\/uploads\/2019\/10\/02_081_Hechen_Volks1-819x1024.jpg 819w, https:\/\/trooboox.de\/wordpress\/wp-content\/uploads\/2019\/10\/02_081_Hechen_Volks1-240x300.jpg 240w, https:\/\/trooboox.de\/wordpress\/wp-content\/uploads\/2019\/10\/02_081_Hechen_Volks1-768x960.jpg 768w, https:\/\/trooboox.de\/wordpress\/wp-content\/uploads\/2019\/10\/02_081_Hechen_Volks1-552x690.jpg 552w\" sizes=\"auto, (max-width: 819px) 100vw, 819px\" \/><figcaption>Jos, Louise, Freddy, Elleke, Marko Sch\u00fcrzenj\u00e4ger Open Air, Finkenberg, Zillertal, 21.7.2007 (c) Lois Hechenblaikner<\/figcaption><\/figure><\/li><li class=\"blocks-gallery-item\"><figure><img loading=\"lazy\" decoding=\"async\" width=\"815\" height=\"1024\" src=\"https:\/\/trooboox.de\/wordpress\/wp-content\/uploads\/2019\/10\/01_055_Hechen_Volks1-1-815x1024.jpg\" alt=\"\" data-id=\"1029\" data-link=\"https:\/\/trooboox.de\/wordpress\/?attachment_id=1029\" class=\"wp-image-1029\" srcset=\"https:\/\/trooboox.de\/wordpress\/wp-content\/uploads\/2019\/10\/01_055_Hechen_Volks1-1-815x1024.jpg 815w, https:\/\/trooboox.de\/wordpress\/wp-content\/uploads\/2019\/10\/01_055_Hechen_Volks1-1-239x300.jpg 239w, https:\/\/trooboox.de\/wordpress\/wp-content\/uploads\/2019\/10\/01_055_Hechen_Volks1-1-768x965.jpg 768w, https:\/\/trooboox.de\/wordpress\/wp-content\/uploads\/2019\/10\/01_055_Hechen_Volks1-1-549x690.jpg 549w\" sizes=\"auto, (max-width: 815px) 100vw, 815px\" \/><figcaption>Angelika und J\u00fcrgen DItzel, Hessen, Deutschland\nBeruf:  er: Schichtf\u00fchrer Heizungsbau, sie: Poliererin\nKastelruther Spatzenfest, S\u00fcdtirol, 11.10.2014<\/figcaption><\/figure><\/li><\/ul>\n\n\n\n<p><strong>Warum passt <em>Volksmusik<\/em> auf deinen coffee table?<\/strong><\/p>\n\n\n\n<p>Um sie zu schonen, h\u00e4lt Hechenblaikner gr\u00f6\u00dftm\u00f6gliche Distanz zu den Fotografierten. Dennoch sind  viele der volkst\u00fcmlichen Fans einfach zu crazy: in ihren Fantasy- und Pseudo-Trachten kost\u00fcmiert entbehren sie nicht ungewollter Komik. In ihren Gesichtern ist abzulesen, wie schwierig es ist, das Leben so lieblich wie in Gabaliers Schlager <em>Hulapalu<\/em> zu gestalten.&nbsp;Aber die Fotos bieten uns auch Trost: das Dilemma haben immer die anderen.<\/p>\n\n\n\n<p><strong>Der beste Platz f\u00fcr <em>Volksmusik:<\/em><\/strong><\/p>\n\n\n\n<p>Den mutig schr\u00e4gen Fotoband im Eingangsbereich platzieren. Du kommst nach Hause und bist sofort in Feierabendlaune, eintreffende G\u00e4ste f\u00fchrt er gleich mal aufs Glatteis. Meine Lieblinge sind die Seiten 55 und 81. <em><a href=\"https:\/\/www.amazon.de\/Volksmusik-Lois-Hechenblaikner\/dp\/3958291759\/ref=as_sl_pc_qf_sp_asin_til?tag=wwwtroobooxde-21&amp;linkCode=w00&amp;linkId=2afc56cb2cff1075532f9efed6b90ce8&amp;creativeASIN=3958291759\" target=\"_blank\" rel=\"noreferrer noopener\" aria-label=\"Volksmusik (\u00f6ffnet in neuem Tab)\">Volksmusik<\/a><\/em> verdient vier von f\u00fcnf coffee tables.<\/p>\n\n\n\n<p>Alle Fotos aus Lois Hechenblaikner Volksmusik verlegt bei Steidl.<\/p>\n\n\n\n<div class=\"wp-block-image\"><figure class=\"aligncenter\"><img loading=\"lazy\" decoding=\"async\" width=\"16\" height=\"16\" src=\"https:\/\/trooboox.de\/wordpress\/wp-content\/uploads\/2019\/10\/oox_favicon-1.jpg\" alt=\"\" class=\"wp-image-1033\"\/><\/figure><\/div>\n","protected":false},"excerpt":{"rendered":"<p>[boostyourcoffeetable: Wir m\u00fcssen nicht alle B\u00fccher lesen. Oft gen\u00fcgt es, dass wir sie haben, dar\u00fcber reden und zeigen. Von der Decke h\u00e4ngend, in&hellip;<\/p>\n","protected":false},"author":2,"featured_media":1035,"comment_status":"open","ping_status":"open","sticky":false,"template":"","format":"standard","meta":{"_monsterinsights_skip_tracking":false,"_monsterinsights_sitenote_active":false,"_monsterinsights_sitenote_note":"","_monsterinsights_sitenote_category":0,"footnotes":""},"categories":[186,17,132],"tags":[184,187,191,188,189,185,190],"class_list":["post-976","post","type-post","status-publish","format-standard","has-post-thumbnail","hentry","category-boostyourcoffeetable","category-fotografie","category-post","tag-coffee-table-book","tag-hansi-hinterseer","tag-heimat","tag-lois-hechenblaikner","tag-steidl-verlag","tag-volksmusik","tag-volkstuemliche-musik"],"_links":{"self":[{"href":"https:\/\/trooboox.de\/wordpress\/wp-json\/wp\/v2\/posts\/976","targetHints":{"allow":["GET"]}}],"collection":[{"href":"https:\/\/trooboox.de\/wordpress\/wp-json\/wp\/v2\/posts"}],"about":[{"href":"https:\/\/trooboox.de\/wordpress\/wp-json\/wp\/v2\/types\/post"}],"author":[{"embeddable":true,"href":"https:\/\/trooboox.de\/wordpress\/wp-json\/wp\/v2\/users\/2"}],"replies":[{"embeddable":true,"href":"https:\/\/trooboox.de\/wordpress\/wp-json\/wp\/v2\/comments?post=976"}],"version-history":[{"count":29,"href":"https:\/\/trooboox.de\/wordpress\/wp-json\/wp\/v2\/posts\/976\/revisions"}],"predecessor-version":[{"id":1040,"href":"https:\/\/trooboox.de\/wordpress\/wp-json\/wp\/v2\/posts\/976\/revisions\/1040"}],"wp:featuredmedia":[{"embeddable":true,"href":"https:\/\/trooboox.de\/wordpress\/wp-json\/wp\/v2\/media\/1035"}],"wp:attachment":[{"href":"https:\/\/trooboox.de\/wordpress\/wp-json\/wp\/v2\/media?parent=976"}],"wp:term":[{"taxonomy":"category","embeddable":true,"href":"https:\/\/trooboox.de\/wordpress\/wp-json\/wp\/v2\/categories?post=976"},{"taxonomy":"post_tag","embeddable":true,"href":"https:\/\/trooboox.de\/wordpress\/wp-json\/wp\/v2\/tags?post=976"}],"curies":[{"name":"wp","href":"https:\/\/api.w.org\/{rel}","templated":true}]}}